{"id":1242,"date":"2013-06-06T21:41:51","date_gmt":"2013-06-06T20:41:51","guid":{"rendered":"http:\/\/blog.vielevisels.de\/?p=1242"},"modified":"2016-01-14T21:26:32","modified_gmt":"2016-01-14T20:26:32","slug":"kaltental-radelt-3","status":"publish","type":"post","link":"https:\/\/vielevisels.de\/?p=1242","title":{"rendered":"Kaltental radelt 2013\/03"},"content":{"rendered":"<p>Mit vielen Freunden rund um Kaltental unterwegs, einmal im Monat brechen wir zu einer Feierabend-Runde auf.<\/p>\n<p><a href=\"http:\/\/www.outdooractive.com\/de\/suche\/?q=kaltental+radelt#q=kaltental%2Bradelt\" target=\"_blank\">Tourenbeschreibungen auf Outdooractive.com<\/a><\/p>\n<p>Unvergesslich auf der dritten Ausfahrt: Die Erlebnisgastronomie. Fast werden wir der T\u00fcr verwiesen, f\u00fcr so viele Besucher g\u00e4be es nicht mehr genug. Es dauert zwar eine Weile (naja, eine Ewigkeit), aber wir werden alle satt. Und lecker ist es auch noch.<\/p>\n<p><a href=\"http:\/\/blog.vielevisels.de\/wp-content\/uploads\/2014\/02\/CIMG3887.jpg\"><img loading=\"lazy\" decoding=\"async\" class=\"aligncenter size-large wp-image-1243\" alt=\"CIMG3887\" src=\"http:\/\/blog.vielevisels.de\/wp-content\/uploads\/2014\/02\/CIMG3887-1024x768.jpg\" width=\"474\" height=\"355\" srcset=\"https:\/\/vielevisels.de\/wp-content\/uploads\/2014\/02\/CIMG3887-1024x768.jpg 1024w, https:\/\/vielevisels.de\/wp-content\/uploads\/2014\/02\/CIMG3887-300x225.jpg 300w, https:\/\/vielevisels.de\/wp-content\/uploads\/2014\/02\/CIMG3887-160x120.jpg 160w\" sizes=\"auto, (max-width: 474px) 100vw, 474px\" \/><\/a><\/p>\n<address>Geschrieben: 2014-02-17<\/address>\n","protected":false},"excerpt":{"rendered":"<p>Mit vielen Freunden rund um Kaltental unterwegs, einmal im Monat brechen wir zu einer Feierabend-Runde auf. Tourenbeschreibungen auf Outdooractive.com Unvergesslich auf der dritten Ausfahrt: Die Erlebnisgastronomie. Fast werden wir der T\u00fcr verwiesen, f\u00fcr so viele Besucher g\u00e4be es nicht mehr genug. Es dauert zwar eine Weile (naja, eine Ewigkeit), aber wir werden alle satt. Und &hellip; <a href=\"https:\/\/vielevisels.de\/?p=1242\" class=\"more-link\"><span class=\"screen-reader-text\">Kaltental radelt 2013\/03<\/span> weiterlesen <span class=\"meta-nav\">&rarr;<\/span><\/a><\/p>\n","protected":false},"author":1,"featured_media":0,"comment_status":"open","ping_status":"open","sticky":false,"template":"","format":"image","meta":{"_jetpack_memberships_contains_paid_content":false,"footnotes":""},"categories":[15,3],"tags":[39,24],"class_list":["post-1242","post","type-post","status-publish","format-image","hentry","category-trekking-trips","category-trips","tag-kaltental-radelt","tag-tagestour","post_format-post-format-image"],"jetpack_featured_media_url":"","jetpack_sharing_enabled":true,"_links":{"self":[{"href":"https:\/\/vielevisels.de\/index.php?rest_route=\/wp\/v2\/posts\/1242","targetHints":{"allow":["GET"]}}],"collection":[{"href":"https:\/\/vielevisels.de\/index.php?rest_route=\/wp\/v2\/posts"}],"about":[{"href":"https:\/\/vielevisels.de\/index.php?rest_route=\/wp\/v2\/types\/post"}],"author":[{"embeddable":true,"href":"https:\/\/vielevisels.de\/index.php?rest_route=\/wp\/v2\/users\/1"}],"replies":[{"embeddable":true,"href":"https:\/\/vielevisels.de\/index.php?rest_route=%2Fwp%2Fv2%2Fcomments&post=1242"}],"version-history":[{"count":3,"href":"https:\/\/vielevisels.de\/index.php?rest_route=\/wp\/v2\/posts\/1242\/revisions"}],"predecessor-version":[{"id":1256,"href":"https:\/\/vielevisels.de\/index.php?rest_route=\/wp\/v2\/posts\/1242\/revisions\/1256"}],"wp:attachment":[{"href":"https:\/\/vielevisels.de\/index.php?rest_route=%2Fwp%2Fv2%2Fmedia&parent=1242"}],"wp:term":[{"taxonomy":"category","embeddable":true,"href":"https:\/\/vielevisels.de\/index.php?rest_route=%2Fwp%2Fv2%2Fcategories&post=1242"},{"taxonomy":"post_tag","embeddable":true,"href":"https:\/\/vielevisels.de\/index.php?rest_route=%2Fwp%2Fv2%2Ftags&post=1242"}],"curies":[{"name":"wp","href":"https:\/\/api.w.org\/{rel}","templated":true}]}}