{"id":214,"date":"1991-03-28T22:25:01","date_gmt":"1991-03-28T21:25:01","guid":{"rendered":"http:\/\/blog.vielevisels.de\/?p=214"},"modified":"2020-11-08T17:05:14","modified_gmt":"2020-11-08T16:05:14","slug":"suedfrankreich","status":"publish","type":"post","link":"https:\/\/vielevisels.de\/?p=214","title":{"rendered":"S\u00fcdfrankreich 1991: Provence und Alpes-Maritimes"},"content":{"rendered":"<h1>Tagebuch<\/h1>\n<p>Vom 28.3.1991-13.4.1991<\/p>\n<p>Seit 1989 in Stuttgart, werden meine Touren l\u00e4nger, h\u00e4ufiger und schwerer. Und so entfliehe ich Ende M\u00e4rz 1989 mit Studienfreund Joachim dem nasskalten Wetter in Deutschland und wir nehmen Kurs auf S\u00fcdfrankreich. F\u00fcr mich die erste Camping-Radtour und gleichzeitig\u00a0 Jungfernfahrt f\u00fcr mein neues Hercules.<\/p>\n<p>Das Auto bleibt auf dem Campingplatz in Apt stehen, wir steuern den Gorges du Verdon an. Doch schon am ersten Tag r\u00e4cht sich meine billige Tourenausstattung: Beim Kontakt der Packtasche mit den Speichen zieht erstere den K\u00fcrzeren, in der Folge verteile ich ein halbes Kilo Spaghetti auf der Stra\u00dfe. Im Miederwarengesch\u00e4ft (nein, nicht Dessous) bekommen wir trotz unserer kaum vorhandenen Franz\u00f6sischkenntnisse Nadel und Faden und ich sitze nach dem Abendessen da und flicke meine Tasche. Ein Ast dient als Abstandshalter, nicht sch\u00f6n aber funktioniert f\u00fcr den Rest der Tour.<\/p>\n<p><a href=\"https:\/\/vielevisels.de\/wp-content\/uploads\/2014\/01\/IMG_0004.jpg\"><img loading=\"lazy\" decoding=\"async\" class=\"aligncenter size-full wp-image-350\" src=\"https:\/\/vielevisels.de\/wp-content\/uploads\/2014\/01\/IMG_0004.jpg\" alt=\"\" width=\"1628\" height=\"1064\" \/><\/a> <a href=\"https:\/\/vielevisels.de\/wp-content\/uploads\/2014\/01\/IMG_0006.jpg\"><img loading=\"lazy\" decoding=\"async\" class=\"aligncenter size-full wp-image-349\" src=\"https:\/\/vielevisels.de\/wp-content\/uploads\/2014\/01\/IMG_0006.jpg\" alt=\"\" width=\"1628\" height=\"1060\" \/><\/a> <a href=\"https:\/\/vielevisels.de\/wp-content\/uploads\/2014\/01\/IMG_0010.jpg\"><img loading=\"lazy\" decoding=\"async\" class=\"aligncenter size-full wp-image-348\" src=\"https:\/\/vielevisels.de\/wp-content\/uploads\/2014\/01\/IMG_0010.jpg\" alt=\"\" width=\"1064\" height=\"1632\" \/><\/a> <a href=\"https:\/\/vielevisels.de\/wp-content\/uploads\/2014\/01\/IMG_0020.jpg\"><img loading=\"lazy\" decoding=\"async\" class=\"aligncenter size-full wp-image-351\" src=\"https:\/\/vielevisels.de\/wp-content\/uploads\/2014\/01\/IMG_0020.jpg\" alt=\"\" width=\"1060\" height=\"1616\" \/><\/a><\/p>\n<p>Am zweiten Tag erreichen wir den Lac de Ste. Croix, der Blick\u00a0in die Verdon-Schlucht ist beeindruckend, genau wie der Anstieg zur S\u00fcdseite der Schlucht. 2 km nach der Passh\u00f6he schlagen wir uns seitlich in die B\u00fcsche und unser Zelt auf. Wer braucht schon eine Dusche?<\/p>\n<p><a href=\"https:\/\/vielevisels.de\/wp-content\/uploads\/2014\/01\/IMG_0019.jpg\"><img loading=\"lazy\" decoding=\"async\" class=\"aligncenter size-full wp-image-353\" src=\"https:\/\/vielevisels.de\/wp-content\/uploads\/2014\/01\/IMG_0019.jpg\" alt=\"\" width=\"1060\" height=\"1628\" \/><\/a><\/p>\n<p>Am Lac de Castillon vorbei und \u00fcber den Col de Toutes Aures erreichen\u00a0 wir den Gorges du Daluis, der rote Sandstein t\u00fcrmt sich neben uns auf, mit dem Rad k\u00f6nnen wir an Stellen halten und den Ausblick genie\u00dfen, an denen wir mit dem Auto vorbeifahren m\u00fcssten. Gigantisch.<\/p>\n<p><a href=\"https:\/\/vielevisels.de\/wp-content\/uploads\/2014\/01\/IMG_0023.jpg\"><img loading=\"lazy\" decoding=\"async\" class=\"aligncenter size-full wp-image-352\" src=\"https:\/\/vielevisels.de\/wp-content\/uploads\/2014\/01\/IMG_0023.jpg\" alt=\"\" width=\"1628\" height=\"1064\" \/><\/a> <a href=\"https:\/\/vielevisels.de\/wp-content\/uploads\/2014\/01\/IMG_0026.jpg\"><img loading=\"lazy\" decoding=\"async\" class=\"aligncenter size-full wp-image-355\" src=\"https:\/\/vielevisels.de\/wp-content\/uploads\/2014\/01\/IMG_0026.jpg\" alt=\"\" width=\"1624\" height=\"1064\" srcset=\"https:\/\/vielevisels.de\/wp-content\/uploads\/2014\/01\/IMG_0026.jpg 1624w, https:\/\/vielevisels.de\/wp-content\/uploads\/2014\/01\/IMG_0026-120x80.jpg 120w\" sizes=\"auto, (max-width: 1624px) 100vw, 1624px\" \/><\/a> <a href=\"https:\/\/vielevisels.de\/wp-content\/uploads\/2014\/01\/IMG_0031.jpg\"><img loading=\"lazy\" decoding=\"async\" class=\"aligncenter size-full wp-image-356\" src=\"https:\/\/vielevisels.de\/wp-content\/uploads\/2014\/01\/IMG_0031.jpg\" alt=\"\" width=\"1632\" height=\"1064\" \/><\/a> <a href=\"https:\/\/vielevisels.de\/wp-content\/uploads\/2014\/01\/IMG_0048.jpg\"><img loading=\"lazy\" decoding=\"async\" class=\"aligncenter size-full wp-image-354\" src=\"https:\/\/vielevisels.de\/wp-content\/uploads\/2014\/01\/IMG_0048.jpg\" alt=\"\" width=\"1628\" height=\"1064\" \/><\/a> <a href=\"https:\/\/vielevisels.de\/wp-content\/uploads\/2014\/01\/IMG_0049.jpg\"><img loading=\"lazy\" decoding=\"async\" class=\"aligncenter size-full wp-image-357\" src=\"https:\/\/vielevisels.de\/wp-content\/uploads\/2014\/01\/IMG_0049.jpg\" alt=\"\" width=\"1064\" height=\"1636\" \/><\/a><\/p>\n<p>Bei der Auffahrt zum Col de Valberg hoffen wir, wieder eine wilde \u00dcbernachtungsm\u00f6glichkeit zu finden. Doch die einzigen horizontalen Stellen auf der ganzen Auffahrt sind die Schotterbankette in den Kehren. Wenig attraktiv, und so stehen wir dann am sp\u00e4ten Nachmittag auf der Passh\u00f6he. Schneereste und entsprechende Temperaturen motivieren auch nicht gerade das Zelt aufzubauen. So liefern wir uns mit ein paar Autos ein Rennen den\u00a0Gorges de Cian hinab und landen mit dem letztem Licht auf einem Campingplatz direkt am rauschenden Fluss Var.<\/p>\n<p><a href=\"https:\/\/vielevisels.de\/wp-content\/uploads\/2014\/01\/IMG_0056.jpg\"><img loading=\"lazy\" decoding=\"async\" class=\"aligncenter size-full wp-image-358\" src=\"https:\/\/vielevisels.de\/wp-content\/uploads\/2014\/01\/IMG_0056.jpg\" alt=\"\" width=\"1628\" height=\"1060\" \/><\/a> <a href=\"https:\/\/vielevisels.de\/wp-content\/uploads\/2014\/01\/IMG_0057.jpg\"><img loading=\"lazy\" decoding=\"async\" class=\"aligncenter size-full wp-image-359\" src=\"https:\/\/vielevisels.de\/wp-content\/uploads\/2014\/01\/IMG_0057.jpg\" alt=\"\" width=\"1628\" height=\"1064\" \/><\/a><\/p>\n<p>In Carces erleben wir, wieviel Spa\u00df ein Tag Dauerregen in einer Hundeh\u00fctte macht. Sind froh, dass am n\u00e4chsten Tag die Sonne scheint. Daf\u00fcr gibt es dann scharfen Gegenwind auf der Stra\u00dfe, die kilometerlang schnurgerade nach Aix en Provence f\u00fchrt. Den Hausberg, den Montagne St. Victoire, nehmen wir in einer Tagestour ohne Gep\u00e4ck unter die Stollen, schlie\u00dfen die R\u00e4der unterhalb des Gipfels ab und klettern den verblockten Wanderweg nach oben. Ein toller Blick!<\/p>\n<p><a href=\"https:\/\/vielevisels.de\/wp-content\/uploads\/2014\/01\/IMG_0065.jpg\"><img loading=\"lazy\" decoding=\"async\" class=\"aligncenter size-full wp-image-360\" src=\"https:\/\/vielevisels.de\/wp-content\/uploads\/2014\/01\/IMG_0065.jpg\" alt=\"\" width=\"1060\" height=\"1632\" \/><\/a> <a href=\"https:\/\/vielevisels.de\/wp-content\/uploads\/2014\/01\/IMG_0068.jpg\"><img loading=\"lazy\" decoding=\"async\" class=\"aligncenter size-full wp-image-361\" src=\"https:\/\/vielevisels.de\/wp-content\/uploads\/2014\/01\/IMG_0068.jpg\" alt=\"\" width=\"1628\" height=\"1060\" \/><\/a> <a href=\"https:\/\/vielevisels.de\/wp-content\/uploads\/2014\/01\/IMG_0073.jpg\"><img loading=\"lazy\" decoding=\"async\" class=\"aligncenter size-full wp-image-362\" src=\"https:\/\/vielevisels.de\/wp-content\/uploads\/2014\/01\/IMG_0073.jpg\" alt=\"\" width=\"1060\" height=\"1620\" \/><\/a><\/p>\n<p>Am 11. Tag unserer Biketour sind wir wieder in Apt. Vier Tage haben wir noch f\u00fcr Tagestouren in der Umgebung. Die Ockerfelsen von Roussillon, die Fontaine de la Vaucluse, der Besuch im Vasarely Museum in Gordes und der lange z\u00e4he Aufstieg zum Mont Ventoux faszinieren jeder auf eigene Weise. Am letzten Tag suchen wir noch ein paar Wanderwege im Luberon und testen unsere Fahrtechnik, bevor wir die Zelte abbrechen und uns am Morgen auf den langen Weg nach Hause machen. Mit einem letzten Rest Sprit im Tank und leeren Geldbeuteln kommen wir wieder in Stuttgart an, um einige tolle Eindr\u00fccke reicher.<\/p>\n<p><a href=\"https:\/\/vielevisels.de\/wp-content\/uploads\/2014\/01\/IMG_0078.jpg\"><img loading=\"lazy\" decoding=\"async\" class=\"aligncenter size-full wp-image-364\" src=\"https:\/\/vielevisels.de\/wp-content\/uploads\/2014\/01\/IMG_0078.jpg\" alt=\"\" width=\"1060\" height=\"1632\" \/><\/a> <a href=\"https:\/\/vielevisels.de\/wp-content\/uploads\/2014\/01\/IMG_0086.jpg\"><img loading=\"lazy\" decoding=\"async\" class=\"aligncenter size-full wp-image-365\" src=\"https:\/\/vielevisels.de\/wp-content\/uploads\/2014\/01\/IMG_0086.jpg\" alt=\"\" width=\"1612\" height=\"1064\" srcset=\"https:\/\/vielevisels.de\/wp-content\/uploads\/2014\/01\/IMG_0086.jpg 1612w, https:\/\/vielevisels.de\/wp-content\/uploads\/2014\/01\/IMG_0086-120x80.jpg 120w\" sizes=\"auto, (max-width: 1612px) 100vw, 1612px\" \/><\/a> <a href=\"https:\/\/vielevisels.de\/wp-content\/uploads\/2014\/01\/IMG_0091.jpg\"><img loading=\"lazy\" decoding=\"async\" class=\"aligncenter size-full wp-image-363\" src=\"https:\/\/vielevisels.de\/wp-content\/uploads\/2014\/01\/IMG_0091.jpg\" alt=\"\" width=\"1624\" height=\"1064\" srcset=\"https:\/\/vielevisels.de\/wp-content\/uploads\/2014\/01\/IMG_0091.jpg 1624w, https:\/\/vielevisels.de\/wp-content\/uploads\/2014\/01\/IMG_0091-120x80.jpg 120w\" sizes=\"auto, (max-width: 1624px) 100vw, 1624px\" \/><\/a> <a href=\"https:\/\/vielevisels.de\/wp-content\/uploads\/2014\/01\/IMG_0093.jpg\"><img loading=\"lazy\" decoding=\"async\" class=\"aligncenter size-full wp-image-366\" src=\"https:\/\/vielevisels.de\/wp-content\/uploads\/2014\/01\/IMG_0093.jpg\" alt=\"\" width=\"1064\" height=\"1632\" \/><\/a> <a href=\"https:\/\/vielevisels.de\/wp-content\/uploads\/2014\/01\/IMG_0094.jpg\"><img loading=\"lazy\" decoding=\"async\" class=\"aligncenter size-full wp-image-367\" src=\"https:\/\/vielevisels.de\/wp-content\/uploads\/2014\/01\/IMG_0094.jpg\" alt=\"\" width=\"1632\" height=\"1064\" \/><\/a> <a href=\"https:\/\/vielevisels.de\/wp-content\/uploads\/2014\/01\/IMG_0108.jpg\"><img loading=\"lazy\" decoding=\"async\" class=\"aligncenter size-full wp-image-368\" src=\"https:\/\/vielevisels.de\/wp-content\/uploads\/2014\/01\/IMG_0108.jpg\" alt=\"\" width=\"1060\" height=\"1636\" \/><\/a> <a href=\"https:\/\/vielevisels.de\/wp-content\/uploads\/2014\/01\/IMG_0115.jpg\"><img loading=\"lazy\" decoding=\"async\" class=\"aligncenter size-full wp-image-369\" src=\"https:\/\/vielevisels.de\/wp-content\/uploads\/2014\/01\/IMG_0115.jpg\" alt=\"\" width=\"1060\" height=\"1636\" \/><\/a> <a href=\"https:\/\/vielevisels.de\/wp-content\/uploads\/2014\/01\/IMG_0114.jpg\"><img loading=\"lazy\" decoding=\"async\" class=\"aligncenter size-full wp-image-370\" src=\"https:\/\/vielevisels.de\/wp-content\/uploads\/2014\/01\/IMG_0114.jpg\" alt=\"\" width=\"1628\" height=\"1064\" \/><\/a><\/p>\n<address>Geschrieben: 2014-01-27<\/address>\n","protected":false},"excerpt":{"rendered":"<p>Tagebuch Vom 28.3.1991-13.4.1991 Seit 1989 in Stuttgart, werden meine Touren l\u00e4nger, h\u00e4ufiger und schwerer. Und so entfliehe ich Ende M\u00e4rz 1989 mit Studienfreund Joachim dem nasskalten Wetter in Deutschland und wir nehmen Kurs auf S\u00fcdfrankreich. F\u00fcr mich die erste Camping-Radtour und gleichzeitig\u00a0 Jungfernfahrt f\u00fcr mein neues Hercules. Das Auto bleibt auf dem Campingplatz in Apt &hellip; <a href=\"https:\/\/vielevisels.de\/?p=214\" class=\"more-link\"><span class=\"screen-reader-text\">S\u00fcdfrankreich 1991: Provence und Alpes-Maritimes<\/span> weiterlesen <span class=\"meta-nav\">&rarr;<\/span><\/a><\/p>\n","protected":false},"author":1,"featured_media":0,"comment_status":"open","ping_status":"open","sticky":false,"template":"","format":"image","meta":{"_jetpack_memberships_contains_paid_content":false,"footnotes":""},"categories":[5,15,3],"tags":[17,24],"class_list":["post-214","post","type-post","status-publish","format-image","hentry","category-mtb-trips","category-trekking-trips","category-trips","tag-mehrtagestour","tag-tagestour","post_format-post-format-image"],"jetpack_featured_media_url":"","jetpack_sharing_enabled":true,"_links":{"self":[{"href":"https:\/\/vielevisels.de\/index.php?rest_route=\/wp\/v2\/posts\/214","targetHints":{"allow":["GET"]}}],"collection":[{"href":"https:\/\/vielevisels.de\/index.php?rest_route=\/wp\/v2\/posts"}],"about":[{"href":"https:\/\/vielevisels.de\/index.php?rest_route=\/wp\/v2\/types\/post"}],"author":[{"embeddable":true,"href":"https:\/\/vielevisels.de\/index.php?rest_route=\/wp\/v2\/users\/1"}],"replies":[{"embeddable":true,"href":"https:\/\/vielevisels.de\/index.php?rest_route=%2Fwp%2Fv2%2Fcomments&post=214"}],"version-history":[{"count":12,"href":"https:\/\/vielevisels.de\/index.php?rest_route=\/wp\/v2\/posts\/214\/revisions"}],"predecessor-version":[{"id":4210,"href":"https:\/\/vielevisels.de\/index.php?rest_route=\/wp\/v2\/posts\/214\/revisions\/4210"}],"wp:attachment":[{"href":"https:\/\/vielevisels.de\/index.php?rest_route=%2Fwp%2Fv2%2Fmedia&parent=214"}],"wp:term":[{"taxonomy":"category","embeddable":true,"href":"https:\/\/vielevisels.de\/index.php?rest_route=%2Fwp%2Fv2%2Fcategories&post=214"},{"taxonomy":"post_tag","embeddable":true,"href":"https:\/\/vielevisels.de\/index.php?rest_route=%2Fwp%2Fv2%2Ftags&post=214"}],"curies":[{"name":"wp","href":"https:\/\/api.w.org\/{rel}","templated":true}]}}