{"id":2477,"date":"2014-03-17T21:26:24","date_gmt":"2014-03-17T20:26:24","guid":{"rendered":"http:\/\/www.vielevisels.de\/?p=2477"},"modified":"2016-01-14T21:26:31","modified_gmt":"2016-01-14T20:26:31","slug":"fahrraeder-fuer-afrika","status":"publish","type":"post","link":"https:\/\/vielevisels.de\/?p=2477","title":{"rendered":"Fahrr\u00e4der f\u00fcr Afrika"},"content":{"rendered":"<p>Tauche gerade v\u00f6llig verstaubt und mit Kettenschmiere an den Fingern wieder aus dem Keller auf. Habe meine Alt-Teile-Kisten durchgew\u00fchlt, erstaunlich was sich so mit der Zeit ansammelt.<\/p>\n<p>Das, was noch brauchbar ist, will ich die n\u00e4chsten Tage zu <a title=\"Fahrr\u00e4der f\u00fcr Afrika\" href=\"http:\/\/www.tus2005.net\/\" target=\"_blank\">Fahrr\u00e4der f\u00fcr Afrika <\/a>bringen. Die Organisation sammelt Fahrr\u00e4der und Teile, bereitet sie auf und verschifft sie nach Ghana, Togo und anderen Staaten. In den l\u00e4ndlichen Gebieten ohne \u00f6ffentliche Transportmittel erm\u00f6glichen es die R\u00e4der, die oftmals langen Distanzen\u00a0zur Arbeit oder Kunden, zur Schule oder Ausbildung, viel schneller zur\u00fcckzulegen.<\/p>\n<figure id=\"attachment_2478\" aria-describedby=\"caption-attachment-2478\" style=\"width: 1024px\" class=\"wp-caption aligncenter\"><a href=\"http:\/\/blog.vielevisels.de\/wp-content\/uploads\/2014\/03\/CIMG5932.jpg\"><img loading=\"lazy\" decoding=\"async\" class=\"size-full wp-image-2478\" alt=\"Alt-Teile-Kiste\" src=\"http:\/\/blog.vielevisels.de\/wp-content\/uploads\/2014\/03\/CIMG5932.jpg\" width=\"1024\" height=\"768\" srcset=\"https:\/\/vielevisels.de\/wp-content\/uploads\/2014\/03\/CIMG5932.jpg 1024w, https:\/\/vielevisels.de\/wp-content\/uploads\/2014\/03\/CIMG5932-300x225.jpg 300w, https:\/\/vielevisels.de\/wp-content\/uploads\/2014\/03\/CIMG5932-144x108.jpg 144w\" sizes=\"auto, (max-width: 1024px) 100vw, 1024px\" \/><\/a><figcaption id=\"caption-attachment-2478\" class=\"wp-caption-text\">Alt-Teile-Kiste<\/figcaption><\/figure>\n","protected":false},"excerpt":{"rendered":"<p>Tauche gerade v\u00f6llig verstaubt und mit Kettenschmiere an den Fingern wieder aus dem Keller auf. Habe meine Alt-Teile-Kisten durchgew\u00fchlt, erstaunlich was sich so mit der Zeit ansammelt. Das, was noch brauchbar ist, will ich die n\u00e4chsten Tage zu Fahrr\u00e4der f\u00fcr Afrika bringen. Die Organisation sammelt Fahrr\u00e4der und Teile, bereitet sie auf und verschifft sie nach &hellip; <a href=\"https:\/\/vielevisels.de\/?p=2477\" class=\"more-link\"><span class=\"screen-reader-text\">Fahrr\u00e4der f\u00fcr Afrika<\/span> weiterlesen <span class=\"meta-nav\">&rarr;<\/span><\/a><\/p>\n","protected":false},"author":1,"featured_media":0,"comment_status":"open","ping_status":"open","sticky":false,"template":"","format":"image","meta":{"_jetpack_memberships_contains_paid_content":false,"footnotes":""},"categories":[7],"tags":[40],"class_list":["post-2477","post","type-post","status-publish","format-image","hentry","category-blog","tag-fahrraeder-fuer-afrika","post_format-post-format-image"],"jetpack_featured_media_url":"","jetpack_sharing_enabled":true,"_links":{"self":[{"href":"https:\/\/vielevisels.de\/index.php?rest_route=\/wp\/v2\/posts\/2477","targetHints":{"allow":["GET"]}}],"collection":[{"href":"https:\/\/vielevisels.de\/index.php?rest_route=\/wp\/v2\/posts"}],"about":[{"href":"https:\/\/vielevisels.de\/index.php?rest_route=\/wp\/v2\/types\/post"}],"author":[{"embeddable":true,"href":"https:\/\/vielevisels.de\/index.php?rest_route=\/wp\/v2\/users\/1"}],"replies":[{"embeddable":true,"href":"https:\/\/vielevisels.de\/index.php?rest_route=%2Fwp%2Fv2%2Fcomments&post=2477"}],"version-history":[{"count":1,"href":"https:\/\/vielevisels.de\/index.php?rest_route=\/wp\/v2\/posts\/2477\/revisions"}],"predecessor-version":[{"id":2479,"href":"https:\/\/vielevisels.de\/index.php?rest_route=\/wp\/v2\/posts\/2477\/revisions\/2479"}],"wp:attachment":[{"href":"https:\/\/vielevisels.de\/index.php?rest_route=%2Fwp%2Fv2%2Fmedia&parent=2477"}],"wp:term":[{"taxonomy":"category","embeddable":true,"href":"https:\/\/vielevisels.de\/index.php?rest_route=%2Fwp%2Fv2%2Fcategories&post=2477"},{"taxonomy":"post_tag","embeddable":true,"href":"https:\/\/vielevisels.de\/index.php?rest_route=%2Fwp%2Fv2%2Ftags&post=2477"}],"curies":[{"name":"wp","href":"https:\/\/api.w.org\/{rel}","templated":true}]}}