{"id":2570,"date":"2014-08-20T20:59:32","date_gmt":"2014-08-20T19:59:32","guid":{"rendered":"http:\/\/blog.vielevisels.de\/?p=2570"},"modified":"2016-01-14T21:25:45","modified_gmt":"2016-01-14T20:25:45","slug":"entdeckungstouren-auf-krk","status":"publish","type":"post","link":"https:\/\/vielevisels.de\/?p=2570","title":{"rendered":"Entdeckungstouren auf Krk"},"content":{"rendered":"<p>Vielleicht ist es eine genetische Veranlagung aus der Steinzeit, dass ich mich im Urlaubsdomizil erst richtig wohlf\u00fchle, wenn ich die Umgebung per Rad erkundet habe. Damit die gemeinsame Urlaubszeit nicht darunter leidet, bevorzuge ich Uhrzeiten, in denen der Rest der Familie noch schl\u00e4ft. Und \u00e4hnlich wie der Steinzeitmann bringe ich von den Orientierungstouren das Fr\u00fchst\u00fcck mit.<\/p>\n<p>So auch auf der kroatischen Insel Krk, Ziel unseres diesj\u00e4hrigen Familienurlaubes. Mindestens jeden zweiten Tag sitze ich kurz nach 7 auf dem Rad, und bin zum Fr\u00fchst\u00fcck mit frischen Br\u00f6tchen wieder da. Gelegentlich begleitet mich Alina und wir erkunden gemeinsam die Gegend. Auch f\u00fcr zwei l\u00e4ngere Touren\u00a0klinke ich mich nachmittags aus, wenn meine Damen ein bisschen Zeit am Strand brauchen.<\/p>\n<p>Krk ist eigentlich ein Ziel f\u00fcr Badeurlauber und Sonnenanbeter, doch es gibt erste ausgeschilderte Radtouren und einen Radweg entlang der Inselhauptstra\u00dfe. Mich locken eher die im Nichts endenden Wege auf meinem Navi, die in den Wanderkarten noch weitergehen. \u00a0Oder Wege, die laut <a href=\"http:\/\/www.openmtbmap.org\" target=\"_blank\">OpenMTBMap<\/a>\u00a0bergauf einfacher zu fahren sind als bergab, eigentlich ein Ding der Unm\u00f6glichkeit. Oder auch nur der Weg in den n\u00e4chsten Ort, zu einem tollen Ausblickspunkt oder zum Einkaufen. F\u00fcr letzteres ist mein Tourenrad ideal, f\u00fcr die Touren auf den Wanderwegen h\u00e4tte ich besser mein Liteville mitgenommen. Der karstige Untergrund fordert auf dem ungefederten 26-Z\u00f6ller trotz 2&#8243; Schlappen eine aktive Fahrtechnik und einen Luftdruck hart an der Grenze zum Plattfu\u00df. Zwischen den teilweise mit Gras \u00fcberwuchterten Felsen einen Reifen flicken, w\u00e4re angesichts der auf Krk heimischen Hornotter nicht ganz so prickelnd. Giftig und faul (die einzige Giftschlange, die bei Gefahr nicht flieht), aber zumindest bei Bissen in die Gliedma\u00dfen nicht direkt t\u00f6dlich. Deshalb wechselt mein Blick auch konzentriert zwischen dem Weg selbst und den B\u00e4umen \u00fcber dem Weg, auch da k\u00f6nnte sie anzutreffen sein.\u00a0So sind die Ausfl\u00fcge auf die wenig begangeneren Pfade auch nicht ganz so entspannend und ich bin froh, wenn die Trockensteinmauern etwas vom Weg zur\u00fcckweichen und die B\u00e4ume weit genug vom Weg entfernt stehen.<\/p>\n<p>Trotzdem stehen am Ende der 2 Wochen 170km &#8222;so nebenher&#8220; auf dem Tacho, und meinem Drang nach Erkundung der Umgebung konnte ich auch ausgiebig fr\u00f6nen. Nach einer solchen Tour schmecken die selbst erlegten Fr\u00fchst\u00fccks-Br\u00f6tchen noch leckerer.<\/p>\n<figure id=\"attachment_2572\" aria-describedby=\"caption-attachment-2572\" style=\"width: 1024px\" class=\"wp-caption aligncenter\"><a href=\"http:\/\/blog.vielevisels.de\/wp-content\/uploads\/2014\/08\/2014_Hittisau-Krk_2014-08-22_07-55-56_K_CIMG7455.jpg\"><img loading=\"lazy\" decoding=\"async\" class=\" wp-image-2572  \" alt=\"Auf dem Oliven-Wanderweg. Hier endet der Schotterweg, der Trail ist heftig, zu heftig.\" src=\"http:\/\/blog.vielevisels.de\/wp-content\/uploads\/2014\/08\/2014_Hittisau-Krk_2014-08-22_07-55-56_K_CIMG7455.jpg\" width=\"1024\" height=\"768\" srcset=\"https:\/\/vielevisels.de\/wp-content\/uploads\/2014\/08\/2014_Hittisau-Krk_2014-08-22_07-55-56_K_CIMG7455.jpg 1024w, https:\/\/vielevisels.de\/wp-content\/uploads\/2014\/08\/2014_Hittisau-Krk_2014-08-22_07-55-56_K_CIMG7455-300x225.jpg 300w, https:\/\/vielevisels.de\/wp-content\/uploads\/2014\/08\/2014_Hittisau-Krk_2014-08-22_07-55-56_K_CIMG7455-144x108.jpg 144w\" sizes=\"auto, (max-width: 1024px) 100vw, 1024px\" \/><\/a><figcaption id=\"caption-attachment-2572\" class=\"wp-caption-text\">Auf dem Oliven-Wanderweg. Hier endet der Schotterweg, der Trail ist heftig, zu heftig.<\/figcaption><\/figure>\n<figure id=\"attachment_2573\" aria-describedby=\"caption-attachment-2573\" style=\"width: 474px\" class=\"wp-caption aligncenter\"><a href=\"http:\/\/blog.vielevisels.de\/wp-content\/uploads\/2014\/08\/2014_Hittisau-Krk_2014-08-24_17-00-39_K_CIMG7503.jpg\"><img loading=\"lazy\" decoding=\"async\" class=\"size-large wp-image-2573\" alt=\"Blick aufs Festland, N\u00e4he Vrbnik\" src=\"http:\/\/blog.vielevisels.de\/wp-content\/uploads\/2014\/08\/2014_Hittisau-Krk_2014-08-24_17-00-39_K_CIMG7503-1024x192.jpg\" width=\"474\" height=\"88\" srcset=\"https:\/\/vielevisels.de\/wp-content\/uploads\/2014\/08\/2014_Hittisau-Krk_2014-08-24_17-00-39_K_CIMG7503-1024x192.jpg 1024w, https:\/\/vielevisels.de\/wp-content\/uploads\/2014\/08\/2014_Hittisau-Krk_2014-08-24_17-00-39_K_CIMG7503-300x56.jpg 300w, https:\/\/vielevisels.de\/wp-content\/uploads\/2014\/08\/2014_Hittisau-Krk_2014-08-24_17-00-39_K_CIMG7503.jpg 1440w\" sizes=\"auto, (max-width: 474px) 100vw, 474px\" \/><\/a><figcaption id=\"caption-attachment-2573\" class=\"wp-caption-text\">Blick aufs Festland, N\u00e4he Vrbnik<\/figcaption><\/figure>\n<figure id=\"attachment_2574\" aria-describedby=\"caption-attachment-2574\" style=\"width: 1024px\" class=\"wp-caption aligncenter\"><a href=\"http:\/\/blog.vielevisels.de\/wp-content\/uploads\/2014\/08\/2014_Hittisau-Krk_2014-08-24_18-02-07_K_CIMG7509.jpg\"><img loading=\"lazy\" decoding=\"async\" class=\"size-full wp-image-2574\" alt=\"Das Glagolitische A mit Blick nach Baska\" src=\"http:\/\/blog.vielevisels.de\/wp-content\/uploads\/2014\/08\/2014_Hittisau-Krk_2014-08-24_18-02-07_K_CIMG7509.jpg\" width=\"1024\" height=\"768\" srcset=\"https:\/\/vielevisels.de\/wp-content\/uploads\/2014\/08\/2014_Hittisau-Krk_2014-08-24_18-02-07_K_CIMG7509.jpg 1024w, https:\/\/vielevisels.de\/wp-content\/uploads\/2014\/08\/2014_Hittisau-Krk_2014-08-24_18-02-07_K_CIMG7509-300x225.jpg 300w, https:\/\/vielevisels.de\/wp-content\/uploads\/2014\/08\/2014_Hittisau-Krk_2014-08-24_18-02-07_K_CIMG7509-144x108.jpg 144w\" sizes=\"auto, (max-width: 1024px) 100vw, 1024px\" \/><\/a><figcaption id=\"caption-attachment-2574\" class=\"wp-caption-text\">Das Glagolitische A mit Blick nach Baska<\/figcaption><\/figure>\n<figure id=\"attachment_2575\" aria-describedby=\"caption-attachment-2575\" style=\"width: 1024px\" class=\"wp-caption aligncenter\"><a href=\"http:\/\/blog.vielevisels.de\/wp-content\/uploads\/2014\/08\/2014_Hittisau-Krk_2014-08-26_08-12-55_K_CIMG7535.jpg\"><img loading=\"lazy\" decoding=\"async\" class=\"size-full wp-image-2575\" alt=\"Dunkle Wolken auf der R\u00fcckfahrt von Krk\" src=\"http:\/\/blog.vielevisels.de\/wp-content\/uploads\/2014\/08\/2014_Hittisau-Krk_2014-08-26_08-12-55_K_CIMG7535.jpg\" width=\"1024\" height=\"768\" srcset=\"https:\/\/vielevisels.de\/wp-content\/uploads\/2014\/08\/2014_Hittisau-Krk_2014-08-26_08-12-55_K_CIMG7535.jpg 1024w, https:\/\/vielevisels.de\/wp-content\/uploads\/2014\/08\/2014_Hittisau-Krk_2014-08-26_08-12-55_K_CIMG7535-300x225.jpg 300w, https:\/\/vielevisels.de\/wp-content\/uploads\/2014\/08\/2014_Hittisau-Krk_2014-08-26_08-12-55_K_CIMG7535-144x108.jpg 144w\" sizes=\"auto, (max-width: 1024px) 100vw, 1024px\" \/><\/a><figcaption id=\"caption-attachment-2575\" class=\"wp-caption-text\">Dunkle Wolken auf der R\u00fcckfahrt von Krk<\/figcaption><\/figure>\n<figure id=\"attachment_2576\" aria-describedby=\"caption-attachment-2576\" style=\"width: 474px\" class=\"wp-caption aligncenter\"><a href=\"http:\/\/blog.vielevisels.de\/wp-content\/uploads\/2014\/08\/2014_Hittisau-Krk_2014-08-26_16-29-32_K_CIMG7538.jpg\"><img loading=\"lazy\" decoding=\"async\" class=\"size-large wp-image-2576\" alt=\"Blick auf die Hochebene des M. Hlam\" src=\"http:\/\/blog.vielevisels.de\/wp-content\/uploads\/2014\/08\/2014_Hittisau-Krk_2014-08-26_16-29-32_K_CIMG7538-1024x288.jpg\" width=\"474\" height=\"133\" srcset=\"https:\/\/vielevisels.de\/wp-content\/uploads\/2014\/08\/2014_Hittisau-Krk_2014-08-26_16-29-32_K_CIMG7538-1024x288.jpg 1024w, https:\/\/vielevisels.de\/wp-content\/uploads\/2014\/08\/2014_Hittisau-Krk_2014-08-26_16-29-32_K_CIMG7538-300x84.jpg 300w, https:\/\/vielevisels.de\/wp-content\/uploads\/2014\/08\/2014_Hittisau-Krk_2014-08-26_16-29-32_K_CIMG7538.jpg 1920w\" sizes=\"auto, (max-width: 474px) 100vw, 474px\" \/><\/a><figcaption id=\"caption-attachment-2576\" class=\"wp-caption-text\">Blick auf die Hochebene des M. Hlam, von kurz unterhalb des Veli Vrh<\/figcaption><\/figure>\n<figure id=\"attachment_2577\" aria-describedby=\"caption-attachment-2577\" style=\"width: 1024px\" class=\"wp-caption aligncenter\"><a href=\"http:\/\/blog.vielevisels.de\/wp-content\/uploads\/2014\/08\/2014_Hittisau-Krk_2014-08-27_08-16-24_K_CIMG7556.jpg\"><img loading=\"lazy\" decoding=\"async\" class=\"size-full wp-image-2577\" alt=\"Bei Nieselregen am 45. Breitengrad\" src=\"http:\/\/blog.vielevisels.de\/wp-content\/uploads\/2014\/08\/2014_Hittisau-Krk_2014-08-27_08-16-24_K_CIMG7556.jpg\" width=\"1024\" height=\"768\" srcset=\"https:\/\/vielevisels.de\/wp-content\/uploads\/2014\/08\/2014_Hittisau-Krk_2014-08-27_08-16-24_K_CIMG7556.jpg 1024w, https:\/\/vielevisels.de\/wp-content\/uploads\/2014\/08\/2014_Hittisau-Krk_2014-08-27_08-16-24_K_CIMG7556-300x225.jpg 300w, https:\/\/vielevisels.de\/wp-content\/uploads\/2014\/08\/2014_Hittisau-Krk_2014-08-27_08-16-24_K_CIMG7556-144x108.jpg 144w\" sizes=\"auto, (max-width: 1024px) 100vw, 1024px\" \/><\/a><figcaption id=\"caption-attachment-2577\" class=\"wp-caption-text\">Bei Nieselregen am 45. Breitengrad<\/figcaption><\/figure>\n","protected":false},"excerpt":{"rendered":"<p>Vielleicht ist es eine genetische Veranlagung aus der Steinzeit, dass ich mich im Urlaubsdomizil erst richtig wohlf\u00fchle, wenn ich die Umgebung per Rad erkundet habe. Damit die gemeinsame Urlaubszeit nicht darunter leidet, bevorzuge ich Uhrzeiten, in denen der Rest der Familie noch schl\u00e4ft. Und \u00e4hnlich wie der Steinzeitmann bringe ich von den Orientierungstouren das Fr\u00fchst\u00fcck &hellip; <a href=\"https:\/\/vielevisels.de\/?p=2570\" class=\"more-link\"><span class=\"screen-reader-text\">Entdeckungstouren auf Krk<\/span> weiterlesen <span class=\"meta-nav\">&rarr;<\/span><\/a><\/p>\n","protected":false},"author":1,"featured_media":0,"comment_status":"open","ping_status":"open","sticky":false,"template":"","format":"image","meta":{"_jetpack_memberships_contains_paid_content":false,"footnotes":""},"categories":[7],"tags":[35],"class_list":["post-2570","post","type-post","status-publish","format-image","hentry","category-blog","tag-familie","post_format-post-format-image"],"jetpack_featured_media_url":"","jetpack_sharing_enabled":true,"_links":{"self":[{"href":"https:\/\/vielevisels.de\/index.php?rest_route=\/wp\/v2\/posts\/2570","targetHints":{"allow":["GET"]}}],"collection":[{"href":"https:\/\/vielevisels.de\/index.php?rest_route=\/wp\/v2\/posts"}],"about":[{"href":"https:\/\/vielevisels.de\/index.php?rest_route=\/wp\/v2\/types\/post"}],"author":[{"embeddable":true,"href":"https:\/\/vielevisels.de\/index.php?rest_route=\/wp\/v2\/users\/1"}],"replies":[{"embeddable":true,"href":"https:\/\/vielevisels.de\/index.php?rest_route=%2Fwp%2Fv2%2Fcomments&post=2570"}],"version-history":[{"count":6,"href":"https:\/\/vielevisels.de\/index.php?rest_route=\/wp\/v2\/posts\/2570\/revisions"}],"predecessor-version":[{"id":2582,"href":"https:\/\/vielevisels.de\/index.php?rest_route=\/wp\/v2\/posts\/2570\/revisions\/2582"}],"wp:attachment":[{"href":"https:\/\/vielevisels.de\/index.php?rest_route=%2Fwp%2Fv2%2Fmedia&parent=2570"}],"wp:term":[{"taxonomy":"category","embeddable":true,"href":"https:\/\/vielevisels.de\/index.php?rest_route=%2Fwp%2Fv2%2Fcategories&post=2570"},{"taxonomy":"post_tag","embeddable":true,"href":"https:\/\/vielevisels.de\/index.php?rest_route=%2Fwp%2Fv2%2Ftags&post=2570"}],"curies":[{"name":"wp","href":"https:\/\/api.w.org\/{rel}","templated":true}]}}