{"id":2601,"date":"2014-09-17T18:46:10","date_gmt":"2014-09-17T17:46:10","guid":{"rendered":"http:\/\/blog.vielevisels.de\/?p=2601"},"modified":"2016-01-14T21:25:45","modified_gmt":"2016-01-14T20:25:45","slug":"kaltental-radelt-in-den-biergarten","status":"publish","type":"post","link":"https:\/\/vielevisels.de\/?p=2601","title":{"rendered":"Kaltental radelt &#8230; in den Biergarten"},"content":{"rendered":"<p>Nach dem etwas, naja, &#8222;durchwachsenen&#8220; Sommer treffen wir es bei unserer ersten Tour nach den Sommerferien super an: Tolles Sommerwetter, und wir k\u00f6nnen nach der Tour sogar noch drau\u00dfen sitzen! Auch wenn wir nach Sonnenuntergang die Heizpilze genie\u00dfen, Mitte September wird es dann doch recht schnell frisch.\u00a0\u00a0Zumal die Tour Richtung Magstadt und H\u00f6lzer See auch noch ein paar H\u00f6henmeter mit- und uns zum Schwitzen bringt. Egal ob per reiner Muskelkraft oder mit ein bisschen elektrischem R\u00fcckenwind.<\/p>\n<p>Tourenbeschreibung wie immer auf\u00a0 <a href=\"http:\/\/www.outdooractive.com\/de\/radfahren\/stuttgart-und-umgebung\/kaltental-radelt-2014-03-bernhartshoehe-magstadt-hoelzer-see-katzenbacher-s\/103090733\/\" target=\"_blank\">www.outdooractive.com\/<\/a><\/p>\n","protected":false},"excerpt":{"rendered":"<p>Nach dem etwas, naja, &#8222;durchwachsenen&#8220; Sommer treffen wir es bei unserer ersten Tour nach den Sommerferien super an: Tolles Sommerwetter, und wir k\u00f6nnen nach der Tour sogar noch drau\u00dfen sitzen! Auch wenn wir nach Sonnenuntergang die Heizpilze genie\u00dfen, Mitte September wird es dann doch recht schnell frisch.\u00a0\u00a0Zumal die Tour Richtung Magstadt und H\u00f6lzer See auch &hellip; <a href=\"https:\/\/vielevisels.de\/?p=2601\" class=\"more-link\"><span class=\"screen-reader-text\">Kaltental radelt &#8230; in den Biergarten<\/span> weiterlesen <span class=\"meta-nav\">&rarr;<\/span><\/a><\/p>\n","protected":false},"author":1,"featured_media":0,"comment_status":"open","ping_status":"open","sticky":false,"template":"","format":"standard","meta":{"_jetpack_memberships_contains_paid_content":false,"footnotes":""},"categories":[7],"tags":[39],"class_list":["post-2601","post","type-post","status-publish","format-standard","hentry","category-blog","tag-kaltental-radelt"],"jetpack_featured_media_url":"","jetpack_sharing_enabled":true,"_links":{"self":[{"href":"https:\/\/vielevisels.de\/index.php?rest_route=\/wp\/v2\/posts\/2601","targetHints":{"allow":["GET"]}}],"collection":[{"href":"https:\/\/vielevisels.de\/index.php?rest_route=\/wp\/v2\/posts"}],"about":[{"href":"https:\/\/vielevisels.de\/index.php?rest_route=\/wp\/v2\/types\/post"}],"author":[{"embeddable":true,"href":"https:\/\/vielevisels.de\/index.php?rest_route=\/wp\/v2\/users\/1"}],"replies":[{"embeddable":true,"href":"https:\/\/vielevisels.de\/index.php?rest_route=%2Fwp%2Fv2%2Fcomments&post=2601"}],"version-history":[{"count":6,"href":"https:\/\/vielevisels.de\/index.php?rest_route=\/wp\/v2\/posts\/2601\/revisions"}],"predecessor-version":[{"id":2625,"href":"https:\/\/vielevisels.de\/index.php?rest_route=\/wp\/v2\/posts\/2601\/revisions\/2625"}],"wp:attachment":[{"href":"https:\/\/vielevisels.de\/index.php?rest_route=%2Fwp%2Fv2%2Fmedia&parent=2601"}],"wp:term":[{"taxonomy":"category","embeddable":true,"href":"https:\/\/vielevisels.de\/index.php?rest_route=%2Fwp%2Fv2%2Fcategories&post=2601"},{"taxonomy":"post_tag","embeddable":true,"href":"https:\/\/vielevisels.de\/index.php?rest_route=%2Fwp%2Fv2%2Ftags&post=2601"}],"curies":[{"name":"wp","href":"https:\/\/api.w.org\/{rel}","templated":true}]}}