{"id":2661,"date":"2014-12-20T14:37:31","date_gmt":"2014-12-20T13:37:31","guid":{"rendered":"http:\/\/blog.vielevisels.de\/?p=2661"},"modified":"2016-01-14T21:25:45","modified_gmt":"2016-01-14T20:25:45","slug":"motivate-1-der-fruehe-vogel-faengt-den-wurm","status":"publish","type":"post","link":"https:\/\/vielevisels.de\/?p=2661","title":{"rendered":"MOTIVate 1 &#8211; Der fr\u00fche Vogel f\u00e4ngt den Wurm"},"content":{"rendered":"<figure id=\"attachment_2675\" aria-describedby=\"caption-attachment-2675\" style=\"width: 474px\" class=\"wp-caption aligncenter\"><a href=\"http:\/\/blog.vielevisels.de\/wp-content\/uploads\/2014\/12\/8Lohn_Fr\u00fcherVogel.jpg\"><img loading=\"lazy\" decoding=\"async\" class=\"size-large wp-image-2675\" alt=\"Der fr\u00fche Vogel f\u00e4ngt den Wurm\" src=\"http:\/\/blog.vielevisels.de\/wp-content\/uploads\/2014\/12\/8Lohn_Fr\u00fcherVogel-1024x768.jpg\" width=\"474\" height=\"355\" srcset=\"https:\/\/vielevisels.de\/wp-content\/uploads\/2014\/12\/8Lohn_Fr\u00fcherVogel-1024x768.jpg 1024w, https:\/\/vielevisels.de\/wp-content\/uploads\/2014\/12\/8Lohn_Fr\u00fcherVogel-300x225.jpg 300w, https:\/\/vielevisels.de\/wp-content\/uploads\/2014\/12\/8Lohn_Fr\u00fcherVogel-144x108.jpg 144w, https:\/\/vielevisels.de\/wp-content\/uploads\/2014\/12\/8Lohn_Fr\u00fcherVogel.jpg 1280w\" sizes=\"auto, (max-width: 474px) 100vw, 474px\" \/><\/a><figcaption id=\"caption-attachment-2675\" class=\"wp-caption-text\">Der fr\u00fche Vogel f\u00e4ngt den Wurm<\/figcaption><\/figure>\n<p>Urlaub, eigentlich k\u00f6nnten wir lange schlafen. Doch noch vor sechs Uhr klingelt der Wecker. Ohne Fr\u00fchst\u00fcck sitzt die ganze Familie auf dem Rad. Es ist noch halb dunkel, kalt und neblig. Die Feuchtigkeit kriecht durch die Klamotten. Steil geht es bergan. Wieso sind wir eigentlich so fr\u00fch aufgestanden?<\/p>\n<p>Auf der H\u00f6he angekommen, taucht die Sonne hinter dem Horizont auf. Noch wenige Kilometer, und wir stehen auf der Bastei-Br\u00fccke, mitten in der <a href=\"http:\/\/vielevisels.de\/?p=1230\">S\u00e4chsischen Schweiz<\/a>. Mutterseelenallein. Wir genie\u00dfen die Stille, den Ausblick. Wie der Nebel zwischen den Felsen wabert, die Sonne langsam h\u00f6her steigt. Unwirklich sch\u00f6n.<\/p>\n<p>Wir rei\u00dfen uns erst los, als die Sonne den Nebel aufgel\u00f6st hat, das Morgenlicht dem Tag weicht, und die ersten Busse Massen an Touristen ausspucken. Doch die Erinnerung an die tolle Stimmung im Nebel nehmen wir mit uns, die wird keiner der Langschl\u00e4fer erleben.<\/p>\n<p>&nbsp;<\/p>\n<p><em>Auch im Alltag l\u00e4sst sich viel erledigen, bevor der Trubel des Tages losgeht, in Ruhe, und ungest\u00f6rt. Und der Gedanke an das Geschaffte motiviert f\u00fcr den Rest des Tages.<\/em><\/p>\n<p><em>\u00a0<\/em><\/p>\n","protected":false},"excerpt":{"rendered":"<p>Urlaub, eigentlich k\u00f6nnten wir lange schlafen. Doch noch vor sechs Uhr klingelt der Wecker. Ohne Fr\u00fchst\u00fcck sitzt die ganze Familie auf dem Rad. Es ist noch halb dunkel, kalt und neblig. Die Feuchtigkeit kriecht durch die Klamotten. Steil geht es bergan. Wieso sind wir eigentlich so fr\u00fch aufgestanden? Auf der H\u00f6he angekommen, taucht die Sonne &hellip; <a href=\"https:\/\/vielevisels.de\/?p=2661\" class=\"more-link\"><span class=\"screen-reader-text\">MOTIVate 1 &#8211; Der fr\u00fche Vogel f\u00e4ngt den Wurm<\/span> weiterlesen <span class=\"meta-nav\">&rarr;<\/span><\/a><\/p>\n","protected":false},"author":1,"featured_media":0,"comment_status":"open","ping_status":"open","sticky":false,"template":"","format":"image","meta":{"_jetpack_memberships_contains_paid_content":false,"footnotes":""},"categories":[7],"tags":[41],"class_list":["post-2661","post","type-post","status-publish","format-image","hentry","category-blog","tag-motivate","post_format-post-format-image"],"jetpack_featured_media_url":"","jetpack_sharing_enabled":true,"_links":{"self":[{"href":"https:\/\/vielevisels.de\/index.php?rest_route=\/wp\/v2\/posts\/2661","targetHints":{"allow":["GET"]}}],"collection":[{"href":"https:\/\/vielevisels.de\/index.php?rest_route=\/wp\/v2\/posts"}],"about":[{"href":"https:\/\/vielevisels.de\/index.php?rest_route=\/wp\/v2\/types\/post"}],"author":[{"embeddable":true,"href":"https:\/\/vielevisels.de\/index.php?rest_route=\/wp\/v2\/users\/1"}],"replies":[{"embeddable":true,"href":"https:\/\/vielevisels.de\/index.php?rest_route=%2Fwp%2Fv2%2Fcomments&post=2661"}],"version-history":[{"count":7,"href":"https:\/\/vielevisels.de\/index.php?rest_route=\/wp\/v2\/posts\/2661\/revisions"}],"predecessor-version":[{"id":2847,"href":"https:\/\/vielevisels.de\/index.php?rest_route=\/wp\/v2\/posts\/2661\/revisions\/2847"}],"wp:attachment":[{"href":"https:\/\/vielevisels.de\/index.php?rest_route=%2Fwp%2Fv2%2Fmedia&parent=2661"}],"wp:term":[{"taxonomy":"category","embeddable":true,"href":"https:\/\/vielevisels.de\/index.php?rest_route=%2Fwp%2Fv2%2Fcategories&post=2661"},{"taxonomy":"post_tag","embeddable":true,"href":"https:\/\/vielevisels.de\/index.php?rest_route=%2Fwp%2Fv2%2Ftags&post=2661"}],"curies":[{"name":"wp","href":"https:\/\/api.w.org\/{rel}","templated":true}]}}