{"id":2716,"date":"2015-06-08T20:24:11","date_gmt":"2015-06-08T19:24:11","guid":{"rendered":"http:\/\/blog.vielevisels.de\/?p=2716"},"modified":"2016-01-14T21:25:12","modified_gmt":"2016-01-14T20:25:12","slug":"bikepacking-basteleien","status":"publish","type":"post","link":"https:\/\/vielevisels.de\/?p=2716","title":{"rendered":"Bikepacking Basteleien"},"content":{"rendered":"<p>Die Sattelst\u00fctzentasche hat die ersten Probefahrten hinter sich, fehlt noch das vordere Pendant. Und nachdem das Wetter jetzt in der 30\u00b0C Liga spielt, wird es h\u00f6chste Eisenbahn!<\/p>\n<p>Die Idee: Eine flache Tasche mit Rollverschluss \u00fcbers Oberrrohr h\u00e4ngen und mit Gurten fixieren. Damit soll der Lenker unbelastet und der Blick aufs Vorderrad frei bleiben. Und gleichzeitig wird die Gewichtsverlagerung der hinteren Tasche wieder nach vorne orientiert.<\/p>\n<figure id=\"attachment_2722\" aria-describedby=\"caption-attachment-2722\" style=\"width: 474px\" class=\"wp-caption aligncenter\"><a href=\"http:\/\/blog.vielevisels.de\/wp-content\/uploads\/2015\/06\/CIMG8352sm.jpg\"><img loading=\"lazy\" decoding=\"async\" class=\"size-large wp-image-2722\" alt=\"TopTube-Bag\" src=\"http:\/\/blog.vielevisels.de\/wp-content\/uploads\/2015\/06\/CIMG8352sm-1024x768.jpg\" width=\"474\" height=\"355\" srcset=\"https:\/\/vielevisels.de\/wp-content\/uploads\/2015\/06\/CIMG8352sm-1024x768.jpg 1024w, https:\/\/vielevisels.de\/wp-content\/uploads\/2015\/06\/CIMG8352sm-300x225.jpg 300w, https:\/\/vielevisels.de\/wp-content\/uploads\/2015\/06\/CIMG8352sm-144x108.jpg 144w, https:\/\/vielevisels.de\/wp-content\/uploads\/2015\/06\/CIMG8352sm.jpg 1280w\" sizes=\"auto, (max-width: 474px) 100vw, 474px\" \/><\/a><figcaption id=\"caption-attachment-2722\" class=\"wp-caption-text\">TopTube-Bag<\/figcaption><\/figure>\n<p>Eine \u00e4ltere flache Ortlieb-Tasche, etwas LKW-Plane, ein paar Gurte und Schnallen, und die Tasche ist bereit f\u00fcr eine Probefahrt.<\/p>\n<figure id=\"attachment_2724\" aria-describedby=\"caption-attachment-2724\" style=\"width: 474px\" class=\"wp-caption aligncenter\"><a href=\"http:\/\/blog.vielevisels.de\/wp-content\/uploads\/2015\/06\/CIMG8338sm.jpg\"><img loading=\"lazy\" decoding=\"async\" class=\"size-large wp-image-2724\" alt=\"TopTube-Bag\" src=\"http:\/\/blog.vielevisels.de\/wp-content\/uploads\/2015\/06\/CIMG8338sm-767x1024.jpg\" width=\"474\" height=\"632\" srcset=\"https:\/\/vielevisels.de\/wp-content\/uploads\/2015\/06\/CIMG8338sm-767x1024.jpg 767w, https:\/\/vielevisels.de\/wp-content\/uploads\/2015\/06\/CIMG8338sm-224x300.jpg 224w, https:\/\/vielevisels.de\/wp-content\/uploads\/2015\/06\/CIMG8338sm.jpg 1280w\" sizes=\"auto, (max-width: 474px) 100vw, 474px\" \/><\/a><figcaption id=\"caption-attachment-2724\" class=\"wp-caption-text\">TopTube-Bag<\/figcaption><\/figure>\n<p>Der Sack sitzt sauber und wackelt auch in R\u00fcttelpassagen nicht. Aber im Wiegetritt an Steilpassagen kollidieren die Knie, die Tasche ist zu breit. Ein bekanntes Problem des Rollverschlusses: Beim Schlie\u00dfen wird die Luft komprimiert und die Tasche bl\u00e4st sich auf. Verst\u00e4rkt wird der Effekt durch das Abknicken \u00fcbers Oberrohr. Also klebe ich das Presta-Ventil aus einem alten Schlauch auf die Tasche und sorge f\u00fcr eine Entl\u00fcftungsm\u00f6glichkeit.<\/p>\n<figure id=\"attachment_2723\" aria-describedby=\"caption-attachment-2723\" style=\"width: 474px\" class=\"wp-caption aligncenter\"><a href=\"http:\/\/blog.vielevisels.de\/wp-content\/uploads\/2015\/06\/DSC_8264cropsm.jpg\"><img loading=\"lazy\" decoding=\"async\" class=\"size-large wp-image-2723\" alt=\"Probefahrt\" src=\"http:\/\/blog.vielevisels.de\/wp-content\/uploads\/2015\/06\/DSC_8264cropsm-1024x880.jpg\" width=\"474\" height=\"407\" srcset=\"https:\/\/vielevisels.de\/wp-content\/uploads\/2015\/06\/DSC_8264cropsm-1024x880.jpg 1024w, https:\/\/vielevisels.de\/wp-content\/uploads\/2015\/06\/DSC_8264cropsm-300x258.jpg 300w, https:\/\/vielevisels.de\/wp-content\/uploads\/2015\/06\/DSC_8264cropsm.jpg 1280w\" sizes=\"auto, (max-width: 474px) 100vw, 474px\" \/><\/a><figcaption id=\"caption-attachment-2723\" class=\"wp-caption-text\">Probefahrt<\/figcaption><\/figure>\n","protected":false},"excerpt":{"rendered":"<p>Die Sattelst\u00fctzentasche hat die ersten Probefahrten hinter sich, fehlt noch das vordere Pendant. Und nachdem das Wetter jetzt in der 30\u00b0C Liga spielt, wird es h\u00f6chste Eisenbahn! Die Idee: Eine flache Tasche mit Rollverschluss \u00fcbers Oberrrohr h\u00e4ngen und mit Gurten fixieren. Damit soll der Lenker unbelastet und der Blick aufs Vorderrad frei bleiben. Und gleichzeitig &hellip; <a href=\"https:\/\/vielevisels.de\/?p=2716\" class=\"more-link\"><span class=\"screen-reader-text\">Bikepacking Basteleien<\/span> weiterlesen <span class=\"meta-nav\">&rarr;<\/span><\/a><\/p>\n","protected":false},"author":1,"featured_media":0,"comment_status":"open","ping_status":"open","sticky":false,"template":"","format":"image","meta":{"_jetpack_memberships_contains_paid_content":false,"footnotes":""},"categories":[4],"tags":[34,42],"class_list":["post-2716","post","type-post","status-publish","format-image","hentry","category-tech","tag-accessories","tag-bikepacking","post_format-post-format-image"],"jetpack_featured_media_url":"","jetpack_sharing_enabled":true,"_links":{"self":[{"href":"https:\/\/vielevisels.de\/index.php?rest_route=\/wp\/v2\/posts\/2716","targetHints":{"allow":["GET"]}}],"collection":[{"href":"https:\/\/vielevisels.de\/index.php?rest_route=\/wp\/v2\/posts"}],"about":[{"href":"https:\/\/vielevisels.de\/index.php?rest_route=\/wp\/v2\/types\/post"}],"author":[{"embeddable":true,"href":"https:\/\/vielevisels.de\/index.php?rest_route=\/wp\/v2\/users\/1"}],"replies":[{"embeddable":true,"href":"https:\/\/vielevisels.de\/index.php?rest_route=%2Fwp%2Fv2%2Fcomments&post=2716"}],"version-history":[{"count":5,"href":"https:\/\/vielevisels.de\/index.php?rest_route=\/wp\/v2\/posts\/2716\/revisions"}],"predecessor-version":[{"id":2725,"href":"https:\/\/vielevisels.de\/index.php?rest_route=\/wp\/v2\/posts\/2716\/revisions\/2725"}],"wp:attachment":[{"href":"https:\/\/vielevisels.de\/index.php?rest_route=%2Fwp%2Fv2%2Fmedia&parent=2716"}],"wp:term":[{"taxonomy":"category","embeddable":true,"href":"https:\/\/vielevisels.de\/index.php?rest_route=%2Fwp%2Fv2%2Fcategories&post=2716"},{"taxonomy":"post_tag","embeddable":true,"href":"https:\/\/vielevisels.de\/index.php?rest_route=%2Fwp%2Fv2%2Ftags&post=2716"}],"curies":[{"name":"wp","href":"https:\/\/api.w.org\/{rel}","templated":true}]}}