{"id":2895,"date":"2016-06-24T20:27:58","date_gmt":"2016-06-24T19:27:58","guid":{"rendered":"http:\/\/vielevisels.de\/?p=2895"},"modified":"2023-08-02T10:11:10","modified_gmt":"2023-08-02T09:11:10","slug":"cyclehack-2016","status":"publish","type":"post","link":"https:\/\/vielevisels.de\/?p=2895","title":{"rendered":"Cyclehack 2016"},"content":{"rendered":"<p>Angesichts Feinstaubalarm und Klimaerw\u00e4rmung wird das Radfahren verkehrspolitisch immer mehr beachtet und gef\u00f6rdert. Das Radfahren attraktiver zu machen und mehr Leute aufs Rad zu bekommen ist auch das Ziel von <a title=\"CycleHack\" href=\"http:\/\/www.cyclehack.com\/\" target=\"_blank\" rel=\"noopener noreferrer\">CycleHack<\/a>. Zum dritten Mal findet die Veranstaltung an verschiedenen Orten weltweit statt, bei der Ideen generiert werden, Barrieren gegen das Radfahren abzubauen und das Radfahren angenehmer zu machen. Ob es um das Miteinander im Verkehr geht, um technische L\u00f6sungen oder um die Infrastruktur, ganz egal. Unter dem Motto &#8222;Doing, not talking&#8220; werden Ideen generiert, mit einfachen Prototypen oder Demonstratoren in die Tat umgesetzt, und ausprobiert.<\/p>\n<p>So bin ich nach fr\u00fchem Feierabend per Bahn \u00a0nach N\u00fcrnberg gestartet, um &#8222;mitzuhacken&#8220;. Tolle Ideen sind dabei entstanden, manche genial einfach und umsetzbar (z.B. ein Windschutz f\u00fcr das Mikro des Headsets zum Telefonieren ohne st\u00f6rende Windger\u00e4usche), manche (absehbar) eher theoretisch (ein legaler &#8222;Abschlepp-Service&#8220; zum Bezwingen der N\u00fcrnberger\/Stuttgarter Berge) \ud83d\ude09<\/p>\n<figure id=\"attachment_2899\" aria-describedby=\"caption-attachment-2899\" style=\"width: 474px\" class=\"wp-caption aligncenter\"><a href=\"http:\/\/vielevisels.de\/wp-content\/uploads\/2016\/06\/DSC_0034sm.jpg\"><img loading=\"lazy\" decoding=\"async\" class=\"size-large wp-image-2899\" src=\"http:\/\/vielevisels.de\/wp-content\/uploads\/2016\/06\/DSC_0034sm-1024x576.jpg\" alt=\"Warten auf den Abschleppservice\" width=\"474\" height=\"266\" srcset=\"https:\/\/vielevisels.de\/wp-content\/uploads\/2016\/06\/DSC_0034sm-1024x576.jpg 1024w, https:\/\/vielevisels.de\/wp-content\/uploads\/2016\/06\/DSC_0034sm-300x168.jpg 300w, https:\/\/vielevisels.de\/wp-content\/uploads\/2016\/06\/DSC_0034sm.jpg 1280w\" sizes=\"auto, (max-width: 474px) 100vw, 474px\" \/><\/a><figcaption id=\"caption-attachment-2899\" class=\"wp-caption-text\">Warten auf den Abschleppservice<\/figcaption><\/figure>\n<figure id=\"attachment_2900\" aria-describedby=\"caption-attachment-2900\" style=\"width: 1024px\" class=\"wp-caption aligncenter\"><a href=\"http:\/\/vielevisels.de\/wp-content\/uploads\/2016\/06\/stillsm.jpg\"><img loading=\"lazy\" decoding=\"async\" class=\"size-full wp-image-2900\" src=\"http:\/\/vielevisels.de\/wp-content\/uploads\/2016\/06\/stillsm.jpg\" alt=\"Abschleppen in Aktion\" width=\"1024\" height=\"574\" srcset=\"https:\/\/vielevisels.de\/wp-content\/uploads\/2016\/06\/stillsm.jpg 1024w, https:\/\/vielevisels.de\/wp-content\/uploads\/2016\/06\/stillsm-300x168.jpg 300w\" sizes=\"auto, (max-width: 1024px) 100vw, 1024px\" \/><\/a><figcaption id=\"caption-attachment-2900\" class=\"wp-caption-text\">Abschleppen in Aktion<\/figcaption><\/figure>\n<p>Kontakt zu anderen St\u00e4dten weltweit \u00fcber Video-Chat, laufend Twitter-Nachrichten auf der Leinwand, und das gemeinsame Hirnen haben viel Spa\u00df gemacht.<\/p>\n<p>Das gilt auch f\u00fcr meine Unterkunft, die ich privat per <a title=\"Warmshowers\" href=\"https:\/\/www.warmshowers.org\/\" target=\"_blank\" rel=\"noopener noreferrer\">Warmshowers <\/a>&#8222;gebucht&#8220; habe, einem Netzwerk f\u00fcr private Schlaf- (und Dusch-)Gelegenheiten speziell f\u00fcr Radfahrer auf Reisen. Eine sch\u00f6ne M\u00f6glichkeit, mit Locals in Kontakt zu kommen und \u00fcber das gemeinsame Hobby (und Gott und die Welt) zu quatschen.<\/p>\n<p>#CycleHack<\/p>\n","protected":false},"excerpt":{"rendered":"<p>Angesichts Feinstaubalarm und Klimaerw\u00e4rmung wird das Radfahren verkehrspolitisch immer mehr beachtet und gef\u00f6rdert. Das Radfahren attraktiver zu machen und mehr Leute aufs Rad zu bekommen ist auch das Ziel von CycleHack. Zum dritten Mal findet die Veranstaltung an verschiedenen Orten weltweit statt, bei der Ideen generiert werden, Barrieren gegen das Radfahren abzubauen und das Radfahren &hellip; <a href=\"https:\/\/vielevisels.de\/?p=2895\" class=\"more-link\"><span class=\"screen-reader-text\">Cyclehack 2016<\/span> weiterlesen <span class=\"meta-nav\">&rarr;<\/span><\/a><\/p>\n","protected":false},"author":1,"featured_media":0,"comment_status":"closed","ping_status":"closed","sticky":false,"template":"","format":"image","meta":{"_jetpack_memberships_contains_paid_content":false,"footnotes":""},"categories":[7],"tags":[],"class_list":["post-2895","post","type-post","status-publish","format-image","hentry","category-blog","post_format-post-format-image"],"jetpack_featured_media_url":"","jetpack_sharing_enabled":true,"_links":{"self":[{"href":"https:\/\/vielevisels.de\/index.php?rest_route=\/wp\/v2\/posts\/2895","targetHints":{"allow":["GET"]}}],"collection":[{"href":"https:\/\/vielevisels.de\/index.php?rest_route=\/wp\/v2\/posts"}],"about":[{"href":"https:\/\/vielevisels.de\/index.php?rest_route=\/wp\/v2\/types\/post"}],"author":[{"embeddable":true,"href":"https:\/\/vielevisels.de\/index.php?rest_route=\/wp\/v2\/users\/1"}],"replies":[{"embeddable":true,"href":"https:\/\/vielevisels.de\/index.php?rest_route=%2Fwp%2Fv2%2Fcomments&post=2895"}],"version-history":[{"count":7,"href":"https:\/\/vielevisels.de\/index.php?rest_route=\/wp\/v2\/posts\/2895\/revisions"}],"predecessor-version":[{"id":4628,"href":"https:\/\/vielevisels.de\/index.php?rest_route=\/wp\/v2\/posts\/2895\/revisions\/4628"}],"wp:attachment":[{"href":"https:\/\/vielevisels.de\/index.php?rest_route=%2Fwp%2Fv2%2Fmedia&parent=2895"}],"wp:term":[{"taxonomy":"category","embeddable":true,"href":"https:\/\/vielevisels.de\/index.php?rest_route=%2Fwp%2Fv2%2Fcategories&post=2895"},{"taxonomy":"post_tag","embeddable":true,"href":"https:\/\/vielevisels.de\/index.php?rest_route=%2Fwp%2Fv2%2Ftags&post=2895"}],"curies":[{"name":"wp","href":"https:\/\/api.w.org\/{rel}","templated":true}]}}