{"id":293,"date":"2003-01-01T20:57:08","date_gmt":"2003-01-01T19:57:08","guid":{"rendered":"http:\/\/blog.vielevisels.de\/?p=293"},"modified":"2016-01-14T21:30:27","modified_gmt":"2016-01-14T20:30:27","slug":"mein-fuhrpark-recycle-i","status":"publish","type":"post","link":"https:\/\/vielevisels.de\/?p=293","title":{"rendered":"Mein Fuhrpark: reCYCLE I"},"content":{"rendered":"<p>Nach dem Diebstahl meines als Stadtrad degradierten Hercules (2002 oder 2003?) fehlt mir eigentlich ein Rad, dass ich in Stuttgart auch mal stehen lassen kann, ohne gr\u00f6\u00dferen finanziellen Schaden bei Entwendung bef\u00fcrchten zu m\u00fcssen. Und Sperrm\u00fcll sei Dank, stolpere ich \u00fcber Reste eines Rades, Rahmen und Gabel sehen gut aus, die arg ramponierte Lackierung in den amerikanischen Farben inkl. Sterne wird per Spraydose \u00fcberlackiert. komplettiert mit alten Teilen ist es ein spottbilliger fahrbarer Untersatz f\u00fcr den Weg zum B\u00e4cker und zum Einkaufen, dank 1-fach Kettenblatt aber in Stuttgart denkbar ungeeignet f\u00fcr mehr. reCYCLE I ist geboren, und meine Alt-Teile-Kiste etwas leerer.<\/p>\n<figure id=\"attachment_1089\" aria-describedby=\"caption-attachment-1089\" style=\"width: 474px\" class=\"wp-caption aligncenter\"><a href=\"http:\/\/blog.vielevisels.de\/wp-content\/uploads\/2003\/01\/DSC02476.jpg\"><img loading=\"lazy\" decoding=\"async\" class=\"size-large wp-image-1089\" alt=\"reCYCLE I\" src=\"http:\/\/blog.vielevisels.de\/wp-content\/uploads\/2003\/01\/DSC02476-1024x768.jpg\" width=\"474\" height=\"355\" srcset=\"https:\/\/vielevisels.de\/wp-content\/uploads\/2003\/01\/DSC02476-1024x768.jpg 1024w, https:\/\/vielevisels.de\/wp-content\/uploads\/2003\/01\/DSC02476-300x225.jpg 300w, https:\/\/vielevisels.de\/wp-content\/uploads\/2003\/01\/DSC02476-160x120.jpg 160w, https:\/\/vielevisels.de\/wp-content\/uploads\/2003\/01\/DSC02476.jpg 2048w\" sizes=\"auto, (max-width: 474px) 100vw, 474px\" \/><\/a><figcaption id=\"caption-attachment-1089\" class=\"wp-caption-text\">reCYCLE I<\/figcaption><\/figure>\n<address>Geschrieben: 2014-01-23<\/address>\n","protected":false},"excerpt":{"rendered":"<p>Nach dem Diebstahl meines als Stadtrad degradierten Hercules (2002 oder 2003?) fehlt mir eigentlich ein Rad, dass ich in Stuttgart auch mal stehen lassen kann, ohne gr\u00f6\u00dferen finanziellen Schaden bei Entwendung bef\u00fcrchten zu m\u00fcssen. Und Sperrm\u00fcll sei Dank, stolpere ich \u00fcber Reste eines Rades, Rahmen und Gabel sehen gut aus, die arg ramponierte Lackierung in &hellip; <a href=\"https:\/\/vielevisels.de\/?p=293\" class=\"more-link\"><span class=\"screen-reader-text\">Mein Fuhrpark: reCYCLE I<\/span> weiterlesen <span class=\"meta-nav\">&rarr;<\/span><\/a><\/p>\n","protected":false},"author":1,"featured_media":0,"comment_status":"open","ping_status":"open","sticky":false,"template":"","format":"image","meta":{"_jetpack_memberships_contains_paid_content":false,"footnotes":""},"categories":[7],"tags":[21],"class_list":["post-293","post","type-post","status-publish","format-image","hentry","category-blog","tag-fuhrpark","post_format-post-format-image"],"jetpack_featured_media_url":"","jetpack_sharing_enabled":true,"_links":{"self":[{"href":"https:\/\/vielevisels.de\/index.php?rest_route=\/wp\/v2\/posts\/293","targetHints":{"allow":["GET"]}}],"collection":[{"href":"https:\/\/vielevisels.de\/index.php?rest_route=\/wp\/v2\/posts"}],"about":[{"href":"https:\/\/vielevisels.de\/index.php?rest_route=\/wp\/v2\/types\/post"}],"author":[{"embeddable":true,"href":"https:\/\/vielevisels.de\/index.php?rest_route=\/wp\/v2\/users\/1"}],"replies":[{"embeddable":true,"href":"https:\/\/vielevisels.de\/index.php?rest_route=%2Fwp%2Fv2%2Fcomments&post=293"}],"version-history":[{"count":3,"href":"https:\/\/vielevisels.de\/index.php?rest_route=\/wp\/v2\/posts\/293\/revisions"}],"predecessor-version":[{"id":1090,"href":"https:\/\/vielevisels.de\/index.php?rest_route=\/wp\/v2\/posts\/293\/revisions\/1090"}],"wp:attachment":[{"href":"https:\/\/vielevisels.de\/index.php?rest_route=%2Fwp%2Fv2%2Fmedia&parent=293"}],"wp:term":[{"taxonomy":"category","embeddable":true,"href":"https:\/\/vielevisels.de\/index.php?rest_route=%2Fwp%2Fv2%2Fcategories&post=293"},{"taxonomy":"post_tag","embeddable":true,"href":"https:\/\/vielevisels.de\/index.php?rest_route=%2Fwp%2Fv2%2Ftags&post=293"}],"curies":[{"name":"wp","href":"https:\/\/api.w.org\/{rel}","templated":true}]}}