{"id":3091,"date":"2018-06-10T12:00:44","date_gmt":"2018-06-10T11:00:44","guid":{"rendered":"http:\/\/vielevisels.de\/?p=3091"},"modified":"2018-06-10T16:41:57","modified_gmt":"2018-06-10T15:41:57","slug":"sternfahrt-zu-den-fahrradaktionstagen","status":"publish","type":"post","link":"https:\/\/vielevisels.de\/?p=3091","title":{"rendered":"Sternfahrt zu den Fahrradaktionstagen"},"content":{"rendered":"<p>Erkl\u00e4rtes Ziel der Stadt Stuttgart ist die F\u00f6rderung des Rad-Verkehrs, Umwelt und Aufenthaltsqualit\u00e4t werden es danken. Erstmalig macht die Stadt deshalb auch beim <a href=\"https:\/\/www.stadtradeln.de\/home\/\" target=\"_blank\">stadtradeln<\/a> mit, und ich bin nat\u00fcrlich (mit dem Team &#8222;Keller 5&#8220;) dabei.<\/p>\n<p>Und zum 13. Mal gibt es die Fahrradaktionstage, mit der Sternfahrt zum Schlossplatz. Auf der Teiletappe von B\u00f6blingen nach Vaihingen war ich mit dabei,\u00a0 mit Hunderten anderer Radler und Polizei-Begleitung unterwegs zu sein, gibt es sonst nur bei der critical mass. Und Sonntag morgens ist es f\u00fcr alle entspannter als im Feierabend Verkehr.\u00a0 Spa\u00df hat es gemacht!<\/p>\n<figure id=\"attachment_3104\" aria-describedby=\"caption-attachment-3104\" style=\"width: 474px\" class=\"wp-caption aligncenter\"><a href=\"http:\/\/vielevisels.de\/wp-content\/uploads\/2018\/06\/IMG_0306sm.jpg\"><img loading=\"lazy\" decoding=\"async\" class=\"size-large wp-image-3104\" alt=\"Sternfahrt - Einstieg in B\u00f6blingen\" src=\"http:\/\/vielevisels.de\/wp-content\/uploads\/2018\/06\/IMG_0306sm-1024x682.jpg\" width=\"474\" height=\"315\" srcset=\"https:\/\/vielevisels.de\/wp-content\/uploads\/2018\/06\/IMG_0306sm-1024x682.jpg 1024w, https:\/\/vielevisels.de\/wp-content\/uploads\/2018\/06\/IMG_0306sm-300x199.jpg 300w, https:\/\/vielevisels.de\/wp-content\/uploads\/2018\/06\/IMG_0306sm-120x80.jpg 120w, https:\/\/vielevisels.de\/wp-content\/uploads\/2018\/06\/IMG_0306sm.jpg 1280w\" sizes=\"auto, (max-width: 474px) 100vw, 474px\" \/><\/a><figcaption id=\"caption-attachment-3104\" class=\"wp-caption-text\">Sternfahrt &#8211; Einstieg in B\u00f6blingen<\/figcaption><\/figure>\n<figure id=\"attachment_3105\" aria-describedby=\"caption-attachment-3105\" style=\"width: 474px\" class=\"wp-caption aligncenter\"><a href=\"http:\/\/vielevisels.de\/wp-content\/uploads\/2018\/06\/IMG_0308sm.jpg\"><img loading=\"lazy\" decoding=\"async\" class=\"size-large wp-image-3105\" alt=\"Sternfahrt -Richtung Sch\u00f6naich\" src=\"http:\/\/vielevisels.de\/wp-content\/uploads\/2018\/06\/IMG_0308sm-1024x682.jpg\" width=\"474\" height=\"315\" srcset=\"https:\/\/vielevisels.de\/wp-content\/uploads\/2018\/06\/IMG_0308sm-1024x682.jpg 1024w, https:\/\/vielevisels.de\/wp-content\/uploads\/2018\/06\/IMG_0308sm-300x199.jpg 300w, https:\/\/vielevisels.de\/wp-content\/uploads\/2018\/06\/IMG_0308sm-120x80.jpg 120w, https:\/\/vielevisels.de\/wp-content\/uploads\/2018\/06\/IMG_0308sm.jpg 1280w\" sizes=\"auto, (max-width: 474px) 100vw, 474px\" \/><\/a><figcaption id=\"caption-attachment-3105\" class=\"wp-caption-text\">Sternfahrt -Richtung Sch\u00f6naich<\/figcaption><\/figure>\n<figure id=\"attachment_3103\" aria-describedby=\"caption-attachment-3103\" style=\"width: 474px\" class=\"wp-caption aligncenter\"><a href=\"http:\/\/vielevisels.de\/wp-content\/uploads\/2018\/06\/IMG_0310sm.jpg\"><img loading=\"lazy\" decoding=\"async\" class=\"size-large wp-image-3103\" alt=\"Sternfahrt -R\u00f6merstra\u00dfe\" src=\"http:\/\/vielevisels.de\/wp-content\/uploads\/2018\/06\/IMG_0310sm-1024x682.jpg\" width=\"474\" height=\"315\" srcset=\"https:\/\/vielevisels.de\/wp-content\/uploads\/2018\/06\/IMG_0310sm-1024x682.jpg 1024w, https:\/\/vielevisels.de\/wp-content\/uploads\/2018\/06\/IMG_0310sm-300x199.jpg 300w, https:\/\/vielevisels.de\/wp-content\/uploads\/2018\/06\/IMG_0310sm-120x80.jpg 120w, https:\/\/vielevisels.de\/wp-content\/uploads\/2018\/06\/IMG_0310sm.jpg 1280w\" sizes=\"auto, (max-width: 474px) 100vw, 474px\" \/><\/a><figcaption id=\"caption-attachment-3103\" class=\"wp-caption-text\">Sternfahrt -R\u00f6merstra\u00dfe<\/figcaption><\/figure>\n<p>&nbsp;<\/p>\n<p>&nbsp;<\/p>\n","protected":false},"excerpt":{"rendered":"<p>Erkl\u00e4rtes Ziel der Stadt Stuttgart ist die F\u00f6rderung des Rad-Verkehrs, Umwelt und Aufenthaltsqualit\u00e4t werden es danken. Erstmalig macht die Stadt deshalb auch beim stadtradeln mit, und ich bin nat\u00fcrlich (mit dem Team &#8222;Keller 5&#8220;) dabei. Und zum 13. Mal gibt es die Fahrradaktionstage, mit der Sternfahrt zum Schlossplatz. Auf der Teiletappe von B\u00f6blingen nach Vaihingen &hellip; <a href=\"https:\/\/vielevisels.de\/?p=3091\" class=\"more-link\"><span class=\"screen-reader-text\">Sternfahrt zu den Fahrradaktionstagen<\/span> weiterlesen <span class=\"meta-nav\">&rarr;<\/span><\/a><\/p>\n","protected":false},"author":1,"featured_media":0,"comment_status":"open","ping_status":"open","sticky":false,"template":"","format":"image","meta":{"_jetpack_memberships_contains_paid_content":false,"footnotes":""},"categories":[7],"tags":[],"class_list":["post-3091","post","type-post","status-publish","format-image","hentry","category-blog","post_format-post-format-image"],"jetpack_featured_media_url":"","jetpack_sharing_enabled":true,"_links":{"self":[{"href":"https:\/\/vielevisels.de\/index.php?rest_route=\/wp\/v2\/posts\/3091","targetHints":{"allow":["GET"]}}],"collection":[{"href":"https:\/\/vielevisels.de\/index.php?rest_route=\/wp\/v2\/posts"}],"about":[{"href":"https:\/\/vielevisels.de\/index.php?rest_route=\/wp\/v2\/types\/post"}],"author":[{"embeddable":true,"href":"https:\/\/vielevisels.de\/index.php?rest_route=\/wp\/v2\/users\/1"}],"replies":[{"embeddable":true,"href":"https:\/\/vielevisels.de\/index.php?rest_route=%2Fwp%2Fv2%2Fcomments&post=3091"}],"version-history":[{"count":3,"href":"https:\/\/vielevisels.de\/index.php?rest_route=\/wp\/v2\/posts\/3091\/revisions"}],"predecessor-version":[{"id":3106,"href":"https:\/\/vielevisels.de\/index.php?rest_route=\/wp\/v2\/posts\/3091\/revisions\/3106"}],"wp:attachment":[{"href":"https:\/\/vielevisels.de\/index.php?rest_route=%2Fwp%2Fv2%2Fmedia&parent=3091"}],"wp:term":[{"taxonomy":"category","embeddable":true,"href":"https:\/\/vielevisels.de\/index.php?rest_route=%2Fwp%2Fv2%2Fcategories&post=3091"},{"taxonomy":"post_tag","embeddable":true,"href":"https:\/\/vielevisels.de\/index.php?rest_route=%2Fwp%2Fv2%2Ftags&post=3091"}],"curies":[{"name":"wp","href":"https:\/\/api.w.org\/{rel}","templated":true}]}}