{"id":3459,"date":"2019-08-04T13:03:04","date_gmt":"2019-08-04T12:03:04","guid":{"rendered":"http:\/\/vielevisels.de\/?p=3459"},"modified":"2020-10-24T15:35:24","modified_gmt":"2020-10-24T14:35:24","slug":"bikepacking-transgermany-2019","status":"publish","type":"post","link":"https:\/\/vielevisels.de\/?p=3459","title":{"rendered":"Bikepacking TransGermany 2019 &#8211; Instagram-Tagebuch"},"content":{"rendered":"\r\n<p>Anfang Juli hat die Bikepacking Transgermany 2019 stattgefunden, 1700km im Renntempo. Gut 5 Tage waren die Schnellsten unterwegs. Einen Monat sp\u00e4ter geht es bei mir los, ich nehme mir aber deutlich mehr Zeit zum Genie\u00dfen und werde den ein oder anderen lohnenden Umweg fahren. Oder auch mal abk\u00fcrzen \ud83d\ude09<\/p>\r\n\r\n\r\n\r\n<figure class=\"wp-block-image\"><img loading=\"lazy\" decoding=\"async\" width=\"1024\" height=\"1024\" class=\"wp-image-3465\" src=\"http:\/\/vielevisels.de\/wp-content\/uploads\/2019\/07\/BTG-Logo-1024x1024.jpg\" alt=\"Bikepacking Transgermany\" srcset=\"https:\/\/vielevisels.de\/wp-content\/uploads\/2019\/07\/BTG-Logo-1024x1024.jpg 1024w, https:\/\/vielevisels.de\/wp-content\/uploads\/2019\/07\/BTG-Logo-150x150.jpg 150w, https:\/\/vielevisels.de\/wp-content\/uploads\/2019\/07\/BTG-Logo-300x300.jpg 300w, https:\/\/vielevisels.de\/wp-content\/uploads\/2019\/07\/BTG-Logo-768x768.jpg 768w, https:\/\/vielevisels.de\/wp-content\/uploads\/2019\/07\/BTG-Logo.jpg 1999w\" sizes=\"auto, (max-width: 1024px) 100vw, 1024px\" \/>\r\n<figcaption>Bikepacking Transgermany<\/figcaption>\r\n<\/figure>\r\n\r\n\r\n\r\n<p>Und hier der Link zu den Instagram-Posts (in umgekehrter zeitlicher Reihenfolge):<\/p>\r\n\r\n\r\n<p><a href=\"https:\/\/www.instagram.com\/explore\/tags\/kaionbtg2019\/?hl=de\" target=\"_blank\" rel=\"noopener noreferrer\">#kaionbtg2019<\/a><\/p>\n","protected":false},"excerpt":{"rendered":"<p>Anfang Juli hat die Bikepacking Transgermany 2019 stattgefunden, 1700km im Renntempo. Gut 5 Tage waren die Schnellsten unterwegs. Einen Monat sp\u00e4ter geht es bei mir los, ich nehme mir aber deutlich mehr Zeit zum Genie\u00dfen und werde den ein oder anderen lohnenden Umweg fahren. Oder auch mal abk\u00fcrzen \ud83d\ude09 Und hier der Link zu den &hellip; <a href=\"https:\/\/vielevisels.de\/?p=3459\" class=\"more-link\"><span class=\"screen-reader-text\">Bikepacking TransGermany 2019 &#8211; Instagram-Tagebuch<\/span> weiterlesen <span class=\"meta-nav\">&rarr;<\/span><\/a><\/p>\n","protected":false},"author":1,"featured_media":0,"comment_status":"open","ping_status":"open","sticky":false,"template":"","format":"standard","meta":{"_jetpack_memberships_contains_paid_content":false,"footnotes":""},"categories":[7],"tags":[],"class_list":["post-3459","post","type-post","status-publish","format-standard","hentry","category-blog"],"jetpack_featured_media_url":"","jetpack_sharing_enabled":true,"_links":{"self":[{"href":"https:\/\/vielevisels.de\/index.php?rest_route=\/wp\/v2\/posts\/3459","targetHints":{"allow":["GET"]}}],"collection":[{"href":"https:\/\/vielevisels.de\/index.php?rest_route=\/wp\/v2\/posts"}],"about":[{"href":"https:\/\/vielevisels.de\/index.php?rest_route=\/wp\/v2\/types\/post"}],"author":[{"embeddable":true,"href":"https:\/\/vielevisels.de\/index.php?rest_route=\/wp\/v2\/users\/1"}],"replies":[{"embeddable":true,"href":"https:\/\/vielevisels.de\/index.php?rest_route=%2Fwp%2Fv2%2Fcomments&post=3459"}],"version-history":[{"count":11,"href":"https:\/\/vielevisels.de\/index.php?rest_route=\/wp\/v2\/posts\/3459\/revisions"}],"predecessor-version":[{"id":4164,"href":"https:\/\/vielevisels.de\/index.php?rest_route=\/wp\/v2\/posts\/3459\/revisions\/4164"}],"wp:attachment":[{"href":"https:\/\/vielevisels.de\/index.php?rest_route=%2Fwp%2Fv2%2Fmedia&parent=3459"}],"wp:term":[{"taxonomy":"category","embeddable":true,"href":"https:\/\/vielevisels.de\/index.php?rest_route=%2Fwp%2Fv2%2Fcategories&post=3459"},{"taxonomy":"post_tag","embeddable":true,"href":"https:\/\/vielevisels.de\/index.php?rest_route=%2Fwp%2Fv2%2Ftags&post=3459"}],"curies":[{"name":"wp","href":"https:\/\/api.w.org\/{rel}","templated":true}]}}