{"id":392,"date":"1993-06-10T22:44:19","date_gmt":"1993-06-10T21:44:19","guid":{"rendered":"http:\/\/blog.vielevisels.de\/?p=392"},"modified":"2016-01-14T21:31:03","modified_gmt":"2016-01-14T20:31:03","slug":"gardasee","status":"publish","type":"post","link":"https:\/\/vielevisels.de\/?p=392","title":{"rendered":"Kurztrip Gardasee 1993"},"content":{"rendered":"<h2>MTB Club Stuttgart am Gardasee.<\/h2>\n<p>Tagestouren rund um Stuttgart sind toll, aber manchmal steht einem der Sinn nach etwas Besonderem. Zum Beispiel ein verl\u00e4ngertes Wochenende an den Gardasee. Tremalzo und Altissimo stehen auf dem Plan, dazu eine Tour ins Arco-Tal und f\u00fcr die Studenten (Roli und mich) noch eine Tour oberhalb von Limone. Spa\u00df hatten wir auf jeden Fall!<\/p>\n<figure id=\"attachment_480\" aria-describedby=\"caption-attachment-480\" style=\"width: 474px\" class=\"wp-caption aligncenter\"><a href=\"http:\/\/blog.vielevisels.de\/wp-content\/uploads\/1993\/06\/IMG_0013.jpg\"><img loading=\"lazy\" decoding=\"async\" class=\"size-large wp-image-480\" alt=\"Flickpause vor Vesio\" src=\"http:\/\/blog.vielevisels.de\/wp-content\/uploads\/1993\/06\/IMG_0013-1024x673.jpg\" width=\"474\" height=\"311\" srcset=\"https:\/\/vielevisels.de\/wp-content\/uploads\/1993\/06\/IMG_0013-1024x673.jpg 1024w, https:\/\/vielevisels.de\/wp-content\/uploads\/1993\/06\/IMG_0013-300x197.jpg 300w, https:\/\/vielevisels.de\/wp-content\/uploads\/1993\/06\/IMG_0013-120x80.jpg 120w, https:\/\/vielevisels.de\/wp-content\/uploads\/1993\/06\/IMG_0013.jpg 1612w\" sizes=\"auto, (max-width: 474px) 100vw, 474px\" \/><\/a><figcaption id=\"caption-attachment-480\" class=\"wp-caption-text\">Flickpause vor Vesio<\/figcaption><\/figure>\n<figure id=\"attachment_481\" aria-describedby=\"caption-attachment-481\" style=\"width: 474px\" class=\"wp-caption aligncenter\"><a href=\"http:\/\/blog.vielevisels.de\/wp-content\/uploads\/1993\/06\/IMG_0016.jpg\"><img loading=\"lazy\" decoding=\"async\" class=\"size-large wp-image-481\" alt=\"Zwischenstop zum Altissimo\" src=\"http:\/\/blog.vielevisels.de\/wp-content\/uploads\/1993\/06\/IMG_0016-1024x670.jpg\" width=\"474\" height=\"310\" srcset=\"https:\/\/vielevisels.de\/wp-content\/uploads\/1993\/06\/IMG_0016-1024x670.jpg 1024w, https:\/\/vielevisels.de\/wp-content\/uploads\/1993\/06\/IMG_0016-300x196.jpg 300w, https:\/\/vielevisels.de\/wp-content\/uploads\/1993\/06\/IMG_0016.jpg 1620w\" sizes=\"auto, (max-width: 474px) 100vw, 474px\" \/><\/a><figcaption id=\"caption-attachment-481\" class=\"wp-caption-text\">Zwischenstop am M. Varagna<\/figcaption><\/figure>\n<figure id=\"attachment_482\" aria-describedby=\"caption-attachment-482\" style=\"width: 474px\" class=\"wp-caption aligncenter\"><a href=\"http:\/\/blog.vielevisels.de\/wp-content\/uploads\/1993\/06\/IMG_0021.jpg\"><img loading=\"lazy\" decoding=\"async\" class=\"size-large wp-image-482\" alt=\"Abfahrt vom Altissimo\" src=\"http:\/\/blog.vielevisels.de\/wp-content\/uploads\/1993\/06\/IMG_0021-1024x675.jpg\" width=\"474\" height=\"312\" srcset=\"https:\/\/vielevisels.de\/wp-content\/uploads\/1993\/06\/IMG_0021-1024x675.jpg 1024w, https:\/\/vielevisels.de\/wp-content\/uploads\/1993\/06\/IMG_0021-300x198.jpg 300w, https:\/\/vielevisels.de\/wp-content\/uploads\/1993\/06\/IMG_0021-120x80.jpg 120w, https:\/\/vielevisels.de\/wp-content\/uploads\/1993\/06\/IMG_0021.jpg 1612w\" sizes=\"auto, (max-width: 474px) 100vw, 474px\" \/><\/a><figcaption id=\"caption-attachment-482\" class=\"wp-caption-text\">Abfahrt vom Altissimo<\/figcaption><\/figure>\n<figure id=\"attachment_483\" aria-describedby=\"caption-attachment-483\" style=\"width: 474px\" class=\"wp-caption aligncenter\"><a href=\"http:\/\/blog.vielevisels.de\/wp-content\/uploads\/1993\/06\/IMG_0033.jpg\"><img loading=\"lazy\" decoding=\"async\" class=\"size-large wp-image-483\" alt=\"Bei Limone\" src=\"http:\/\/blog.vielevisels.de\/wp-content\/uploads\/1993\/06\/IMG_0033-667x1024.jpg\" width=\"474\" height=\"727\" srcset=\"https:\/\/vielevisels.de\/wp-content\/uploads\/1993\/06\/IMG_0033-667x1024.jpg 667w, https:\/\/vielevisels.de\/wp-content\/uploads\/1993\/06\/IMG_0033-195x300.jpg 195w, https:\/\/vielevisels.de\/wp-content\/uploads\/1993\/06\/IMG_0033.jpg 1056w\" sizes=\"auto, (max-width: 474px) 100vw, 474px\" \/><\/a><figcaption id=\"caption-attachment-483\" class=\"wp-caption-text\">Bei Limone<\/figcaption><\/figure>\n","protected":false},"excerpt":{"rendered":"<p>MTB Club Stuttgart am Gardasee. Tagestouren rund um Stuttgart sind toll, aber manchmal steht einem der Sinn nach etwas Besonderem. Zum Beispiel ein verl\u00e4ngertes Wochenende an den Gardasee. Tremalzo und Altissimo stehen auf dem Plan, dazu eine Tour ins Arco-Tal und f\u00fcr die Studenten (Roli und mich) noch eine Tour oberhalb von Limone. Spa\u00df hatten &hellip; <a href=\"https:\/\/vielevisels.de\/?p=392\" class=\"more-link\"><span class=\"screen-reader-text\">Kurztrip Gardasee 1993<\/span> weiterlesen <span class=\"meta-nav\">&rarr;<\/span><\/a><\/p>\n","protected":false},"author":1,"featured_media":0,"comment_status":"open","ping_status":"open","sticky":false,"template":"","format":"image","meta":{"_jetpack_memberships_contains_paid_content":false,"footnotes":""},"categories":[5,3],"tags":[19,24],"class_list":["post-392","post","type-post","status-publish","format-image","hentry","category-mtb-trips","category-trips","tag-mtb-club-stuttgart","tag-tagestour","post_format-post-format-image"],"jetpack_featured_media_url":"","jetpack_sharing_enabled":true,"_links":{"self":[{"href":"https:\/\/vielevisels.de\/index.php?rest_route=\/wp\/v2\/posts\/392","targetHints":{"allow":["GET"]}}],"collection":[{"href":"https:\/\/vielevisels.de\/index.php?rest_route=\/wp\/v2\/posts"}],"about":[{"href":"https:\/\/vielevisels.de\/index.php?rest_route=\/wp\/v2\/types\/post"}],"author":[{"embeddable":true,"href":"https:\/\/vielevisels.de\/index.php?rest_route=\/wp\/v2\/users\/1"}],"replies":[{"embeddable":true,"href":"https:\/\/vielevisels.de\/index.php?rest_route=%2Fwp%2Fv2%2Fcomments&post=392"}],"version-history":[{"count":5,"href":"https:\/\/vielevisels.de\/index.php?rest_route=\/wp\/v2\/posts\/392\/revisions"}],"predecessor-version":[{"id":1570,"href":"https:\/\/vielevisels.de\/index.php?rest_route=\/wp\/v2\/posts\/392\/revisions\/1570"}],"wp:attachment":[{"href":"https:\/\/vielevisels.de\/index.php?rest_route=%2Fwp%2Fv2%2Fmedia&parent=392"}],"wp:term":[{"taxonomy":"category","embeddable":true,"href":"https:\/\/vielevisels.de\/index.php?rest_route=%2Fwp%2Fv2%2Fcategories&post=392"},{"taxonomy":"post_tag","embeddable":true,"href":"https:\/\/vielevisels.de\/index.php?rest_route=%2Fwp%2Fv2%2Ftags&post=392"}],"curies":[{"name":"wp","href":"https:\/\/api.w.org\/{rel}","templated":true}]}}