{"id":395,"date":"1993-06-27T22:45:55","date_gmt":"1993-06-27T21:45:55","guid":{"rendered":"http:\/\/blog.vielevisels.de\/?p=395"},"modified":"2016-01-14T21:31:03","modified_gmt":"2016-01-14T20:31:03","slug":"10-alb-extrem-1993-mein-erstes","status":"publish","type":"post","link":"https:\/\/vielevisels.de\/?p=395","title":{"rendered":"10. Alb Extrem 1993, mein erstes."},"content":{"rendered":"<p>In fremden Revieren wildern geh\u00f6rt eigentlich nicht zu meinen Spezialit\u00e4ten. Doch nach einigen Jahren Biken in Stuttgart und immer l\u00e4nger werdenden Touren kommt Roli auf die Idee, das Alb Extrem mit zu fahren. Eine Stra\u00dfen-RTF mit Strecken bis 300km und \u00fcber 4000HM. Zum 10-j\u00e4hrigen Jubil\u00e4um melden wir uns an, neben mir ist noch Jochen mit von der Partie. Anreise am Vorabend, Zelte und unsere Bikes (mit schmalen Slicks, aber doch Exoten im Feld der hochgez\u00fcchteten Stra\u00dfen-Renner) im Auto. Fr\u00fch morgens geht es los, ein tolles Gef\u00fchl, mit tausenden genauso verr\u00fcckten Radlern gemeinsam auf Tour zu gehen. Wie ein Lindwurm (oder die Lemminge?) zieht sich das Feld die erste Steigung hinauf. Zu f\u00fcnft nebeneinander, Gegenverkehr gibt es um die Uhrzeit nicht. Kurz nach dem Start dann die b\u00f6se \u00dcberraschung: Regen. Es ist zwar Juni, trotzdem ist es morgens frisch und die N\u00e4sse kriecht \u00fcberall hin. Mit der Zeit werden die Finger so kalt, dass ich zum Schalten den ganzen Hebel mit der Faust umfassen muss. Angesichts der Bedingungen entschlie\u00dfe ich mich f\u00fcr die &#8222;kleine&#8220; Runde mit 170km, und bin froh und stolz, kurz nach Mittag im Ziel zu sein. Bisher meine l\u00e4ngste Tour, und g\u00fcnstig zudem: Die zwei Trinkflaschen bringe ich fast voll wieder heim. Die st\u00e4ndige Zufuhr von Regenwasser ersetzt wohl das Apfelschorle. Und im vom Reifen mit hochgeschleuderten Stra\u00dfenschmutz scheinen genug Mineralien zu sein, um die Muskeln am Laufen zu halten. ;-)=<\/p>\n<figure id=\"attachment_469\" aria-describedby=\"caption-attachment-469\" style=\"width: 474px\" class=\"wp-caption aligncenter\"><a href=\"http:\/\/blog.vielevisels.de\/wp-content\/uploads\/1993\/06\/IMG_0002_1.jpg\"><img loading=\"lazy\" decoding=\"async\" class=\"size-large wp-image-469\" alt=\"10. Alb Extrem 1993\" src=\"http:\/\/blog.vielevisels.de\/wp-content\/uploads\/1993\/06\/IMG_0002_1-1024x706.jpg\" width=\"474\" height=\"326\" srcset=\"https:\/\/vielevisels.de\/wp-content\/uploads\/1993\/06\/IMG_0002_1-1024x706.jpg 1024w, https:\/\/vielevisels.de\/wp-content\/uploads\/1993\/06\/IMG_0002_1-300x206.jpg 300w, https:\/\/vielevisels.de\/wp-content\/uploads\/1993\/06\/IMG_0002_1.jpg 1260w\" sizes=\"auto, (max-width: 474px) 100vw, 474px\" \/><\/a><figcaption id=\"caption-attachment-469\" class=\"wp-caption-text\">10. Alb Extrem 1993, im Ziel<\/figcaption><\/figure>\n<address>Geschrieben: 2014-01-29<\/address>\n","protected":false},"excerpt":{"rendered":"<p>In fremden Revieren wildern geh\u00f6rt eigentlich nicht zu meinen Spezialit\u00e4ten. Doch nach einigen Jahren Biken in Stuttgart und immer l\u00e4nger werdenden Touren kommt Roli auf die Idee, das Alb Extrem mit zu fahren. Eine Stra\u00dfen-RTF mit Strecken bis 300km und \u00fcber 4000HM. Zum 10-j\u00e4hrigen Jubil\u00e4um melden wir uns an, neben mir ist noch Jochen mit &hellip; <a href=\"https:\/\/vielevisels.de\/?p=395\" class=\"more-link\"><span class=\"screen-reader-text\">10. Alb Extrem 1993, mein erstes.<\/span> weiterlesen <span class=\"meta-nav\">&rarr;<\/span><\/a><\/p>\n","protected":false},"author":1,"featured_media":0,"comment_status":"open","ping_status":"open","sticky":false,"template":"","format":"image","meta":{"_jetpack_memberships_contains_paid_content":false,"footnotes":""},"categories":[13,3],"tags":[24],"class_list":["post-395","post","type-post","status-publish","format-image","hentry","category-road-trips","category-trips","tag-tagestour","post_format-post-format-image"],"jetpack_featured_media_url":"","jetpack_sharing_enabled":true,"_links":{"self":[{"href":"https:\/\/vielevisels.de\/index.php?rest_route=\/wp\/v2\/posts\/395","targetHints":{"allow":["GET"]}}],"collection":[{"href":"https:\/\/vielevisels.de\/index.php?rest_route=\/wp\/v2\/posts"}],"about":[{"href":"https:\/\/vielevisels.de\/index.php?rest_route=\/wp\/v2\/types\/post"}],"author":[{"embeddable":true,"href":"https:\/\/vielevisels.de\/index.php?rest_route=\/wp\/v2\/users\/1"}],"replies":[{"embeddable":true,"href":"https:\/\/vielevisels.de\/index.php?rest_route=%2Fwp%2Fv2%2Fcomments&post=395"}],"version-history":[{"count":2,"href":"https:\/\/vielevisels.de\/index.php?rest_route=\/wp\/v2\/posts\/395\/revisions"}],"predecessor-version":[{"id":470,"href":"https:\/\/vielevisels.de\/index.php?rest_route=\/wp\/v2\/posts\/395\/revisions\/470"}],"wp:attachment":[{"href":"https:\/\/vielevisels.de\/index.php?rest_route=%2Fwp%2Fv2%2Fmedia&parent=395"}],"wp:term":[{"taxonomy":"category","embeddable":true,"href":"https:\/\/vielevisels.de\/index.php?rest_route=%2Fwp%2Fv2%2Fcategories&post=395"},{"taxonomy":"post_tag","embeddable":true,"href":"https:\/\/vielevisels.de\/index.php?rest_route=%2Fwp%2Fv2%2Ftags&post=395"}],"curies":[{"name":"wp","href":"https:\/\/api.w.org\/{rel}","templated":true}]}}