{"id":4247,"date":"2021-06-01T09:12:54","date_gmt":"2021-06-01T08:12:54","guid":{"rendered":"https:\/\/vielevisels.de\/?p=4247"},"modified":"2023-08-03T12:33:54","modified_gmt":"2023-08-03T11:33:54","slug":"das-sind-nicht-anderthalb-meter-nie-im-leben-kleiner-peter","status":"publish","type":"post","link":"https:\/\/vielevisels.de\/?p=4247","title":{"rendered":"Das sind nicht anderthalb Meter, nie im Leben, kleiner Peter&#8230;"},"content":{"rendered":"\n<p><blockquote> <p>&#8230; anderthalb Meter sind in Wirklichkeit viel gr\u00f6\u00dfer.<\/p> <\/blockquote> <p>So \u00e4hnlich f\u00fchlt man sich manchmal im Stra\u00dfenverkehr. Die seit letztem Jahr gesetzlich vorgeschriebenen 1,5m \u00dcberholabstand sollen das Radfahren sicherer machen. Und auch den Menschen ein angstfreies Radfahren erm\u00f6glichen, die Radfahren nicht als Kontaktsportart betreiben wollen. In Stuttgart ist ein Schwerpunkt der Fahrradschutzstreifen auf der B\u00f6blinger Stra\u00dfe in Kaltental, in der auf weiten Strecken das legale \u00dcberholen eigentlich unm\u00f6glich ist, es in der Praxis aber zu fast 100% gemacht wird, mit teilweise massiv unterschrittenen Abst\u00e4nden. Das sieht auch die Stadt Stuttgart ein (Antwort auf eine Gelbe Karte Anfang 2020), hat aber bisher keine baulichen Ma\u00dfnahmen oder eine Beschilderung umgesetzt.<\/p> <p>Zumindest hat die Stadt jetzt endlich eine gro\u00df angelegt Informations-Kampagne gestartet, und rein subjektiv zeigt sich schon eine positive Wirkung. Zeigt, dass die wenigsten Autofahrer bewusst zu eng \u00fcberholen, sondern eher unbewusst zu wenig Abstand gehalten wird oder die Regelung gar nicht bekannt ist.<\/p> <p>Um wirklich mal objektiv die Abst\u00e4nde zu beurteilen habe ich mich f\u00fcr einen Open Bike Sensor interessiert, der die Abst\u00e4nde nach Links und Rechts misst und per GPS kartografiert. Zeit und Kompetenz f\u00fcr den Selbstnachbau des OpenSource-Projektes habe ich nicht, daf\u00fcr das Gl\u00fcck einen OBS ausleihen zu k\u00f6nnen. Und so geht es jetzt mit GPS und Sensoren best\u00fcckt los, wechselweise am Bike-Stadtradt und am elektrischen Lastenrad.<\/p> <figure id=\"attachment_4251\" aria-describedby=\"caption-attachment-4251\" style=\"width: 474px\" class=\"wp-caption aligncenter\"><a href=\"https:\/\/vielevisels.de\/wp-content\/uploads\/2021\/06\/OBS2-scaled.jpg\"><img loading=\"lazy\" decoding=\"async\" width=\"474\" height=\"356\" class=\"size-large wp-image-4251\" src=\"https:\/\/vielevisels.de\/wp-content\/uploads\/2021\/06\/OBS2-1024x768.jpg\" alt=\"Open Bike Sensor - Sensorbox\" srcset=\"https:\/\/vielevisels.de\/wp-content\/uploads\/2021\/06\/OBS2-1024x768.jpg 1024w, https:\/\/vielevisels.de\/wp-content\/uploads\/2021\/06\/OBS2-300x225.jpg 300w, https:\/\/vielevisels.de\/wp-content\/uploads\/2021\/06\/OBS2-768x576.jpg 768w, https:\/\/vielevisels.de\/wp-content\/uploads\/2021\/06\/OBS2-1536x1152.jpg 1536w, https:\/\/vielevisels.de\/wp-content\/uploads\/2021\/06\/OBS2-2048x1536.jpg 2048w\" sizes=\"auto, (max-width: 474px) 100vw, 474px\" \/><\/a><figcaption id=\"caption-attachment-4251\" class=\"wp-caption-text\">Open Bike Sensor &#8211; Sensorbox<\/figcaption><\/figure> <figure id=\"attachment_4250\" aria-describedby=\"caption-attachment-4250\" style=\"width: 474px\" class=\"wp-caption aligncenter\"><a href=\"https:\/\/vielevisels.de\/wp-content\/uploads\/2021\/06\/OBS1-scaled.jpg\"><img loading=\"lazy\" decoding=\"async\" width=\"474\" height=\"356\" class=\"size-large wp-image-4250\" src=\"https:\/\/vielevisels.de\/wp-content\/uploads\/2021\/06\/OBS1-1024x768.jpg\" alt=\"Open Bike Sensor - Display\" srcset=\"https:\/\/vielevisels.de\/wp-content\/uploads\/2021\/06\/OBS1-1024x768.jpg 1024w, https:\/\/vielevisels.de\/wp-content\/uploads\/2021\/06\/OBS1-300x225.jpg 300w, https:\/\/vielevisels.de\/wp-content\/uploads\/2021\/06\/OBS1-768x576.jpg 768w, https:\/\/vielevisels.de\/wp-content\/uploads\/2021\/06\/OBS1-1536x1152.jpg 1536w, https:\/\/vielevisels.de\/wp-content\/uploads\/2021\/06\/OBS1-2048x1536.jpg 2048w\" sizes=\"auto, (max-width: 474px) 100vw, 474px\" \/><\/a><figcaption id=\"caption-attachment-4250\" class=\"wp-caption-text\">Open Bike Sensor &#8211; Display<\/figcaption><\/figure> <p>Ich bin gespannt auf die Ergebnisse!\u00a0 Und hoffe dass es nicht irgendwann hei\u00dft:<\/p> <blockquote> <p>Das sind nur zwanzig Zentimeter,<br>das gef\u00e4hrdet mein Leben, lieber Peter.<\/p> <\/blockquote> <p>\u00a0<\/p> <p>PS: Entschuldigung bei allen, die Peter hei\u00dfen, und achtsam \u00fcberholen&#8230; \ud83d\ude09<\/p><\/p>\n\n\n\n<p><\/p>\n\n\n\n<p><\/p>\n\n\n\n<h2 class=\"wp-block-heading\">Nachtrag Herbst 2021:<\/h2>\n\n\n\n<p>Die Ergebnisse auf meiner Heimstrecke durch Kaltental auf der B\u00f6blinger Stra\u00dfe waren ern\u00fcchternd und best\u00e4tigen das ungute Gef\u00fchl. Von 29 \u00dcberholvorg\u00e4ngen war der Anteil der Autofahrer, der die 1,5m Abstand einh\u00e4lt, verschwindend gering. Der am h\u00e4ufigsten gemessene Abstand lag bei 90cm, das ist selbst f\u00fcr mich als selbstbewusster Radfahrer kein Abstand mehr, bei dem ich mich wohlf\u00fchle.<\/p>\n\n\n\n<figure class=\"wp-block-image size-full\"><a href=\"https:\/\/vielevisels.de\/wp-content\/uploads\/2021\/06\/abstand-verteilung.jpg\"><img loading=\"lazy\" decoding=\"async\" width=\"762\" height=\"456\" src=\"https:\/\/vielevisels.de\/wp-content\/uploads\/2021\/06\/abstand-verteilung.jpg\" alt=\"\" class=\"wp-image-4656\" srcset=\"https:\/\/vielevisels.de\/wp-content\/uploads\/2021\/06\/abstand-verteilung.jpg 762w, https:\/\/vielevisels.de\/wp-content\/uploads\/2021\/06\/abstand-verteilung-300x180.jpg 300w\" sizes=\"auto, (max-width: 762px) 100vw, 762px\" \/><\/a><\/figure>\n\n\n\n<p>Kumuliert hei\u00dft das, dass bei knapp 80% der \u00dcberholvorg\u00e4nge der Abstand unter einem Meter betr\u00e4gt.<\/p>\n\n\n\n<figure class=\"wp-block-image size-full\"><a href=\"https:\/\/vielevisels.de\/wp-content\/uploads\/2021\/06\/verteilung-abstand-prozent.jpg\"><img loading=\"lazy\" decoding=\"async\" width=\"762\" height=\"456\" src=\"https:\/\/vielevisels.de\/wp-content\/uploads\/2021\/06\/verteilung-abstand-prozent.jpg\" alt=\"\" class=\"wp-image-4657\" srcset=\"https:\/\/vielevisels.de\/wp-content\/uploads\/2021\/06\/verteilung-abstand-prozent.jpg 762w, https:\/\/vielevisels.de\/wp-content\/uploads\/2021\/06\/verteilung-abstand-prozent-300x180.jpg 300w\" sizes=\"auto, (max-width: 762px) 100vw, 762px\" \/><\/a><\/figure>\n","protected":false},"excerpt":{"rendered":"<p>&#8230; anderthalb Meter sind in Wirklichkeit viel gr\u00f6\u00dfer. So \u00e4hnlich f\u00fchlt man sich manchmal im Stra\u00dfenverkehr. Die seit letztem Jahr gesetzlich vorgeschriebenen 1,5m \u00dcberholabstand sollen das Radfahren sicherer machen. Und auch den Menschen ein angstfreies Radfahren erm\u00f6glichen, die Radfahren nicht als Kontaktsportart betreiben wollen. In Stuttgart ist ein Schwerpunkt der Fahrradschutzstreifen auf der B\u00f6blinger Stra\u00dfe &hellip; <a href=\"https:\/\/vielevisels.de\/?p=4247\" class=\"more-link\"><span class=\"screen-reader-text\">Das sind nicht anderthalb Meter, nie im Leben, kleiner Peter&#8230;<\/span> weiterlesen <span class=\"meta-nav\">&rarr;<\/span><\/a><\/p>\n","protected":false},"author":1,"featured_media":4251,"comment_status":"open","ping_status":"open","sticky":false,"template":"","format":"standard","meta":{"_jetpack_memberships_contains_paid_content":false,"footnotes":""},"categories":[7],"tags":[47],"class_list":["post-4247","post","type-post","status-publish","format-standard","has-post-thumbnail","hentry","category-blog","tag-politik"],"jetpack_featured_media_url":"https:\/\/vielevisels.de\/wp-content\/uploads\/2021\/06\/OBS2-scaled.jpg","jetpack_sharing_enabled":true,"_links":{"self":[{"href":"https:\/\/vielevisels.de\/index.php?rest_route=\/wp\/v2\/posts\/4247","targetHints":{"allow":["GET"]}}],"collection":[{"href":"https:\/\/vielevisels.de\/index.php?rest_route=\/wp\/v2\/posts"}],"about":[{"href":"https:\/\/vielevisels.de\/index.php?rest_route=\/wp\/v2\/types\/post"}],"author":[{"embeddable":true,"href":"https:\/\/vielevisels.de\/index.php?rest_route=\/wp\/v2\/users\/1"}],"replies":[{"embeddable":true,"href":"https:\/\/vielevisels.de\/index.php?rest_route=%2Fwp%2Fv2%2Fcomments&post=4247"}],"version-history":[{"count":7,"href":"https:\/\/vielevisels.de\/index.php?rest_route=\/wp\/v2\/posts\/4247\/revisions"}],"predecessor-version":[{"id":4661,"href":"https:\/\/vielevisels.de\/index.php?rest_route=\/wp\/v2\/posts\/4247\/revisions\/4661"}],"wp:featuredmedia":[{"embeddable":true,"href":"https:\/\/vielevisels.de\/index.php?rest_route=\/wp\/v2\/media\/4251"}],"wp:attachment":[{"href":"https:\/\/vielevisels.de\/index.php?rest_route=%2Fwp%2Fv2%2Fmedia&parent=4247"}],"wp:term":[{"taxonomy":"category","embeddable":true,"href":"https:\/\/vielevisels.de\/index.php?rest_route=%2Fwp%2Fv2%2Fcategories&post=4247"},{"taxonomy":"post_tag","embeddable":true,"href":"https:\/\/vielevisels.de\/index.php?rest_route=%2Fwp%2Fv2%2Ftags&post=4247"}],"curies":[{"name":"wp","href":"https:\/\/api.w.org\/{rel}","templated":true}]}}