{"id":4409,"date":"2023-06-05T16:41:00","date_gmt":"2023-06-05T15:41:00","guid":{"rendered":"https:\/\/vielevisels.de\/?p=4409"},"modified":"2023-07-16T16:46:21","modified_gmt":"2023-07-16T15:46:21","slug":"kai-im-fahrrad-io-podcast","status":"publish","type":"post","link":"https:\/\/vielevisels.de\/?p=4409","title":{"rendered":"Kai im Fahrrad-io Podcast"},"content":{"rendered":"\n<p>Anfang Juni war ich im\u00a0<a href=\"http:\/\/fahrrad.io\/\">Fahrrad.io<\/a>\u00a0Podcast zu Besuch und konnte mich mit\u00a0<a href=\"https:\/\/www.linkedin.com\/in\/ACoAAAAhqDQB17lxxZu1xw7kinLn9OTyUgAdHTg\">Hans Dorsch<\/a>\u00a0und\u00a0<a href=\"https:\/\/www.linkedin.com\/in\/ACoAAAF_a3sBtF6QXY9NoIrLBVrZeHSt4zM04Po\">Thomas Dorsch<\/a>\u00a0\u00fcber Lastenr\u00e4der und meinen Besuch auf der\u00a0<a href=\"https:\/\/www.linkedin.com\/feed\/hashtag\/?keywords=spezialradmesse&amp;highlightedUpdateUrns=urn%3Ali%3Aactivity%3A7081336835762728961\">#Spezialradmesse<\/a>\u00a0in Lauchringen unterhalten.<\/p>\n\n\n\n<div class=\"wp-block-image\"><figure class=\"aligncenter size-full\"><a href=\"https:\/\/vielevisels.de\/wp-content\/uploads\/2023\/07\/c2ed2ad9-4a66-4629-8193-7496abb6570f.png\"><img loading=\"lazy\" decoding=\"async\" width=\"400\" height=\"400\" src=\"https:\/\/vielevisels.de\/wp-content\/uploads\/2023\/07\/c2ed2ad9-4a66-4629-8193-7496abb6570f.png\" alt=\"\" class=\"wp-image-4411\" srcset=\"https:\/\/vielevisels.de\/wp-content\/uploads\/2023\/07\/c2ed2ad9-4a66-4629-8193-7496abb6570f.png 400w, https:\/\/vielevisels.de\/wp-content\/uploads\/2023\/07\/c2ed2ad9-4a66-4629-8193-7496abb6570f-300x300.png 300w, https:\/\/vielevisels.de\/wp-content\/uploads\/2023\/07\/c2ed2ad9-4a66-4629-8193-7496abb6570f-150x150.png 150w\" sizes=\"auto, (max-width: 400px) 100vw, 400px\" \/><\/a><\/figure><\/div>\n\n\n\n<p>Ich habe die Spezi mit ihrem neuen Austragungsort an der Schweizer Grenze w\u00e4hrend einer 800km Cargobikepacking-Tour besucht. Mein Hauptfokus waren nat\u00fcrlich die\u00a0Lastenr\u00e4der. So wie sie im Stra\u00dfenverkehr auch immer pr\u00e4senter werden, sind auch auf der Spezi immer mehr Hersteller vertreten. Neben neuen Produkten, Ideen und Weiterentwicklungen darf nat\u00fcrlich das Fachsimpeln mit anderen Besuchern nicht fehlen, es gibt wenig Fahrrad-Messen, bei denen das in so toller und entspannter Atmosph\u00e4re gelingt. Ich freue mich schon auf die Spezi 2024!<br>Immer neue Entwicklungen und Bauformen machen das Lastenrad f\u00fcr immer mehr Anwendungen zum idealen Verkehrsmittel, sowohl im privaten als auch gewerblichen Bereich. Schnell, flexibel und umweltfreundlich, und Spa\u00df macht es sowieso.<br>Ich bin stolz, vielen Kunden bei\u00a0<a href=\"https:\/\/www.linkedin.com\/company\/ladehero-cargobikes-gmbh\/\">LadeHero Cargobikes GmbH<\/a>\u00a0die Vorz\u00fcge der Lastenr\u00e4der n\u00e4her bringen zu k\u00f6nnen, und mit meinem Blog\u00a0<a href=\"https:\/\/www.linkedin.com\/company\/lastenrad-tuning\/\">Lastenrad-Tuning<\/a>\u00a0Ideen f\u00fcr die Optimierung und kundenspezifische Anpassungen zu geben. Und ein bisschen geehrt f\u00fchle ich mich ja schon, neben Gr\u00f6\u00dfen der Mobilit\u00e4tswende wie\u00a0<a href=\"https:\/\/www.linkedin.com\/in\/ACoAAAnbY4UB2lESb_8-M_x-j_QSD5vRirrnYQY\">Katja Diehl<\/a>\u00a0und\u00a0<a href=\"https:\/\/www.linkedin.com\/in\/ACoAAD6tQZMBcQKbcl7f6BumVb_zJuce7vo7e5M\">Burkhard Stork<\/a>\u00a0beim\u00a0<a href=\"http:\/\/fahrrad.io\/\">Fahrrad.io<\/a>\u00a0Podcast zu sein und meine Kraft in eine moderne Mobilit\u00e4t zu stecken. Die Folge 183 ist online und auf\u00a0<a href=\"http:\/\/fahrrad.io\/\">fahrrad.io<\/a>\u00a0oder den \u00fcblichen Podcast Kan\u00e4len wie Spotify zu h\u00f6ren. H\u00f6rt mal rein, es lohnt sich!<\/p>\n","protected":false},"excerpt":{"rendered":"<p>Anfang Juni war ich im\u00a0Fahrrad.io\u00a0Podcast zu Besuch und konnte mich mit\u00a0Hans Dorsch\u00a0und\u00a0Thomas Dorsch\u00a0\u00fcber Lastenr\u00e4der und meinen Besuch auf der\u00a0#Spezialradmesse\u00a0in Lauchringen unterhalten. Ich habe die Spezi mit ihrem neuen Austragungsort an der Schweizer Grenze w\u00e4hrend einer 800km Cargobikepacking-Tour besucht. Mein Hauptfokus waren nat\u00fcrlich die\u00a0Lastenr\u00e4der. So wie sie im Stra\u00dfenverkehr auch immer pr\u00e4senter werden, sind auch auf &hellip; <a href=\"https:\/\/vielevisels.de\/?p=4409\" class=\"more-link\"><span class=\"screen-reader-text\">Kai im Fahrrad-io Podcast<\/span> weiterlesen <span class=\"meta-nav\">&rarr;<\/span><\/a><\/p>\n","protected":false},"author":1,"featured_media":0,"comment_status":"open","ping_status":"open","sticky":false,"template":"","format":"standard","meta":{"_jetpack_memberships_contains_paid_content":false,"footnotes":""},"categories":[7],"tags":[],"class_list":["post-4409","post","type-post","status-publish","format-standard","hentry","category-blog"],"jetpack_featured_media_url":"","jetpack_sharing_enabled":true,"_links":{"self":[{"href":"https:\/\/vielevisels.de\/index.php?rest_route=\/wp\/v2\/posts\/4409","targetHints":{"allow":["GET"]}}],"collection":[{"href":"https:\/\/vielevisels.de\/index.php?rest_route=\/wp\/v2\/posts"}],"about":[{"href":"https:\/\/vielevisels.de\/index.php?rest_route=\/wp\/v2\/types\/post"}],"author":[{"embeddable":true,"href":"https:\/\/vielevisels.de\/index.php?rest_route=\/wp\/v2\/users\/1"}],"replies":[{"embeddable":true,"href":"https:\/\/vielevisels.de\/index.php?rest_route=%2Fwp%2Fv2%2Fcomments&post=4409"}],"version-history":[{"count":1,"href":"https:\/\/vielevisels.de\/index.php?rest_route=\/wp\/v2\/posts\/4409\/revisions"}],"predecessor-version":[{"id":4412,"href":"https:\/\/vielevisels.de\/index.php?rest_route=\/wp\/v2\/posts\/4409\/revisions\/4412"}],"wp:attachment":[{"href":"https:\/\/vielevisels.de\/index.php?rest_route=%2Fwp%2Fv2%2Fmedia&parent=4409"}],"wp:term":[{"taxonomy":"category","embeddable":true,"href":"https:\/\/vielevisels.de\/index.php?rest_route=%2Fwp%2Fv2%2Fcategories&post=4409"},{"taxonomy":"post_tag","embeddable":true,"href":"https:\/\/vielevisels.de\/index.php?rest_route=%2Fwp%2Fv2%2Ftags&post=4409"}],"curies":[{"name":"wp","href":"https:\/\/api.w.org\/{rel}","templated":true}]}}