{"id":4580,"date":"2022-08-31T20:14:00","date_gmt":"2022-08-31T19:14:00","guid":{"rendered":"https:\/\/vielevisels.de\/?p=4580"},"modified":"2023-08-06T16:48:47","modified_gmt":"2023-08-06T15:48:47","slug":"mit-uwe-auf-dem-alb-neckar-radweg-2022","status":"publish","type":"post","link":"https:\/\/vielevisels.de\/?p=4580","title":{"rendered":"Mit Uwe auf dem Alb-Neckar-Radweg 2022"},"content":{"rendered":"\n<p>Manchmal ist es ja eine sch\u00f6ne Abwechslung (und Horizont-Erweiterung) , wenn man seine Radschuhe mit Wanderstiefeln tauscht, und das Rad mit Trekking-St\u00f6cken. So wie auf 2 l\u00e4ngeren Mehrtages-Wanderungen in den Alpen mit meinem Onkel Uwe. Dabei sind wir auch die ein oder andere Wegstrecke gelaufen, die ich schon vom Biken kannte. Und als Uwe jetzt ein paar Tage in Stuttgart plant, kommt recht spontan die Idee nach einer Radtour in die Umgebung. 2 Tage Zeit haben wir und planen eine sch\u00f6ne Schleife, angelehnt an den Alb-Neckar-Radweg.<\/p>\n\n\n\n<h2 class=\"wp-block-heading\">31.8.2022<\/h2>\n\n\n\n<p>Morgens haben wir noch zu tun, und das Wetter ist auch noch nicht so ganz animierend. Deshalb nehmen wir bis Kirchheim Teck die S-Bahn, und am sp\u00e4ten Vormittag sitzen wir dann auf dem Rad.<\/p>\n\n\n<div class=\"wp-block-image\">\n<figure class=\"aligncenter size-large\"><a href=\"https:\/\/vielevisels.de\/wp-content\/uploads\/2023\/08\/20220831_122701_Kai-scaled.jpg\"><img loading=\"lazy\" decoding=\"async\" width=\"576\" height=\"1024\" src=\"https:\/\/vielevisels.de\/wp-content\/uploads\/2023\/08\/20220831_122701_Kai-576x1024.jpg\" alt=\"\" class=\"wp-image-4664\" srcset=\"https:\/\/vielevisels.de\/wp-content\/uploads\/2023\/08\/20220831_122701_Kai-576x1024.jpg 576w, https:\/\/vielevisels.de\/wp-content\/uploads\/2023\/08\/20220831_122701_Kai-169x300.jpg 169w, https:\/\/vielevisels.de\/wp-content\/uploads\/2023\/08\/20220831_122701_Kai-768x1365.jpg 768w, https:\/\/vielevisels.de\/wp-content\/uploads\/2023\/08\/20220831_122701_Kai-864x1536.jpg 864w, https:\/\/vielevisels.de\/wp-content\/uploads\/2023\/08\/20220831_122701_Kai-1152x2048.jpg 1152w, https:\/\/vielevisels.de\/wp-content\/uploads\/2023\/08\/20220831_122701_Kai-scaled.jpg 1440w\" sizes=\"auto, (max-width: 576px) 100vw, 576px\" \/><\/a><figcaption class=\"wp-element-caption\">Nach einem zweiten Fr\u00fchst\u00fcck geht es gen Osten bis Bad Boll.<\/figcaption><\/figure>\n<\/div>\n\n\n<figure class=\"wp-block-image size-large is-resized\"><a href=\"https:\/\/vielevisels.de\/wp-content\/uploads\/2023\/08\/20220831_155649_Kai-scaled.jpg\"><img loading=\"lazy\" decoding=\"async\" src=\"https:\/\/vielevisels.de\/wp-content\/uploads\/2023\/08\/20220831_155649_Kai-1024x395.jpg\" alt=\"\" class=\"wp-image-4665\" width=\"800\" height=\"308\" srcset=\"https:\/\/vielevisels.de\/wp-content\/uploads\/2023\/08\/20220831_155649_Kai-1024x395.jpg 1024w, https:\/\/vielevisels.de\/wp-content\/uploads\/2023\/08\/20220831_155649_Kai-300x116.jpg 300w, https:\/\/vielevisels.de\/wp-content\/uploads\/2023\/08\/20220831_155649_Kai-768x296.jpg 768w, https:\/\/vielevisels.de\/wp-content\/uploads\/2023\/08\/20220831_155649_Kai-1536x592.jpg 1536w, https:\/\/vielevisels.de\/wp-content\/uploads\/2023\/08\/20220831_155649_Kai-2048x789.jpg 2048w\" sizes=\"auto, (max-width: 800px) 100vw, 800px\" \/><\/a><figcaption class=\"wp-element-caption\">Ab G\u00f6ppingen folgen wir dem alten Bahndamm der Hohenstaufenbahn bis vorbei am W\u00e4scherschloss ins Remstal.<\/figcaption><\/figure>\n\n\n<div class=\"wp-block-image\">\n<figure class=\"aligncenter size-large\"><a href=\"https:\/\/vielevisels.de\/wp-content\/uploads\/2023\/08\/20220831_174637_Kai-scaled.jpg\"><img loading=\"lazy\" decoding=\"async\" width=\"576\" height=\"1024\" src=\"https:\/\/vielevisels.de\/wp-content\/uploads\/2023\/08\/20220831_174637_Kai-576x1024.jpg\" alt=\"\" class=\"wp-image-4667\" srcset=\"https:\/\/vielevisels.de\/wp-content\/uploads\/2023\/08\/20220831_174637_Kai-576x1024.jpg 576w, https:\/\/vielevisels.de\/wp-content\/uploads\/2023\/08\/20220831_174637_Kai-169x300.jpg 169w, https:\/\/vielevisels.de\/wp-content\/uploads\/2023\/08\/20220831_174637_Kai-768x1365.jpg 768w, https:\/\/vielevisels.de\/wp-content\/uploads\/2023\/08\/20220831_174637_Kai-864x1536.jpg 864w, https:\/\/vielevisels.de\/wp-content\/uploads\/2023\/08\/20220831_174637_Kai-1152x2048.jpg 1152w, https:\/\/vielevisels.de\/wp-content\/uploads\/2023\/08\/20220831_174637_Kai-scaled.jpg 1440w\" sizes=\"auto, (max-width: 576px) 100vw, 576px\" \/><\/a><figcaption class=\"wp-element-caption\">Beim Kloster Lorch und dem Limes-Wachturm gibt es noch das Kulturprogramm f\u00fcr heute.<\/figcaption><\/figure>\n<\/div>\n\n\n<p>In Lorch hatte ich uns ein Hotel gebucht, und mit 50km in den Beinen beschlie\u00dfen wir den Tag und lassen es uns beim Abendessen auf der Hotel-Terasse gut gehen. <\/p>\n\n\n\n<h2 class=\"wp-block-heading\">1.9.2022<\/h2>\n\n\n\n<p>Tag 2, heute sind es ein paar Kilometer mehr. Entlang der Rems fahren wir erstmal gem\u00fctlich bis Weinstadt, und dann geht es bergan: \u00dcber den Schurwald ins Neckartal und dann durch Stuttgarts W\u00e4lder nach Hause.<\/p>\n\n\n<div class=\"wp-block-image\">\n<figure class=\"aligncenter size-large\"><a href=\"https:\/\/vielevisels.de\/wp-content\/uploads\/2023\/08\/20220901_100132_Kai-scaled.jpg\"><img loading=\"lazy\" decoding=\"async\" width=\"576\" height=\"1024\" src=\"https:\/\/vielevisels.de\/wp-content\/uploads\/2023\/08\/20220901_100132_Kai-576x1024.jpg\" alt=\"\" class=\"wp-image-4666\" srcset=\"https:\/\/vielevisels.de\/wp-content\/uploads\/2023\/08\/20220901_100132_Kai-576x1024.jpg 576w, https:\/\/vielevisels.de\/wp-content\/uploads\/2023\/08\/20220901_100132_Kai-169x300.jpg 169w, https:\/\/vielevisels.de\/wp-content\/uploads\/2023\/08\/20220901_100132_Kai-768x1365.jpg 768w, https:\/\/vielevisels.de\/wp-content\/uploads\/2023\/08\/20220901_100132_Kai-864x1536.jpg 864w, https:\/\/vielevisels.de\/wp-content\/uploads\/2023\/08\/20220901_100132_Kai-1152x2048.jpg 1152w, https:\/\/vielevisels.de\/wp-content\/uploads\/2023\/08\/20220901_100132_Kai-scaled.jpg 1440w\" sizes=\"auto, (max-width: 576px) 100vw, 576px\" \/><\/a><figcaption class=\"wp-element-caption\">Der weithin sichtbare &#8222;Turm an der Birke&#8220; fasziniert und animiert zu einem Schlenker.<\/figcaption><\/figure>\n<\/div>\n\n<div class=\"wp-block-image\">\n<figure class=\"aligncenter size-large\"><a href=\"https:\/\/vielevisels.de\/wp-content\/uploads\/2023\/08\/20220901_122810_Kai-scaled-e1691091726141.jpg\"><img loading=\"lazy\" decoding=\"async\" width=\"1011\" height=\"1024\" src=\"https:\/\/vielevisels.de\/wp-content\/uploads\/2023\/08\/20220901_122810_Kai-scaled-e1691091726141-1011x1024.jpg\" alt=\"\" class=\"wp-image-4668\" srcset=\"https:\/\/vielevisels.de\/wp-content\/uploads\/2023\/08\/20220901_122810_Kai-scaled-e1691091726141-1011x1024.jpg 1011w, https:\/\/vielevisels.de\/wp-content\/uploads\/2023\/08\/20220901_122810_Kai-scaled-e1691091726141-296x300.jpg 296w, https:\/\/vielevisels.de\/wp-content\/uploads\/2023\/08\/20220901_122810_Kai-scaled-e1691091726141-768x778.jpg 768w, https:\/\/vielevisels.de\/wp-content\/uploads\/2023\/08\/20220901_122810_Kai-scaled-e1691091726141.jpg 1440w\" sizes=\"auto, (max-width: 1011px) 100vw, 1011px\" \/><\/a><figcaption class=\"wp-element-caption\">Zwischen Weinreben<\/figcaption><\/figure>\n<\/div>\n\n<div class=\"wp-block-image\">\n<figure class=\"aligncenter size-large\"><a href=\"https:\/\/vielevisels.de\/wp-content\/uploads\/2023\/08\/20220901_124434-scaled.jpg\"><img loading=\"lazy\" decoding=\"async\" width=\"768\" height=\"1024\" src=\"https:\/\/vielevisels.de\/wp-content\/uploads\/2023\/08\/20220901_124434-768x1024.jpg\" alt=\"\" class=\"wp-image-4669\" srcset=\"https:\/\/vielevisels.de\/wp-content\/uploads\/2023\/08\/20220901_124434-768x1024.jpg 768w, https:\/\/vielevisels.de\/wp-content\/uploads\/2023\/08\/20220901_124434-225x300.jpg 225w, https:\/\/vielevisels.de\/wp-content\/uploads\/2023\/08\/20220901_124434-1152x1536.jpg 1152w, https:\/\/vielevisels.de\/wp-content\/uploads\/2023\/08\/20220901_124434-1536x2048.jpg 1536w, https:\/\/vielevisels.de\/wp-content\/uploads\/2023\/08\/20220901_124434-scaled.jpg 1920w\" sizes=\"auto, (max-width: 768px) 100vw, 768px\" \/><\/a><figcaption class=\"wp-element-caption\">Kunst an der Yburg<\/figcaption><\/figure>\n<\/div>\n\n<div class=\"wp-block-image\">\n<figure class=\"aligncenter size-large\"><a href=\"https:\/\/vielevisels.de\/wp-content\/uploads\/2023\/08\/20220901_134935_Kai-scaled.jpg\"><img loading=\"lazy\" decoding=\"async\" width=\"576\" height=\"1024\" src=\"https:\/\/vielevisels.de\/wp-content\/uploads\/2023\/08\/20220901_134935_Kai-576x1024.jpg\" alt=\"\" class=\"wp-image-4670\" srcset=\"https:\/\/vielevisels.de\/wp-content\/uploads\/2023\/08\/20220901_134935_Kai-576x1024.jpg 576w, https:\/\/vielevisels.de\/wp-content\/uploads\/2023\/08\/20220901_134935_Kai-169x300.jpg 169w, https:\/\/vielevisels.de\/wp-content\/uploads\/2023\/08\/20220901_134935_Kai-768x1365.jpg 768w, https:\/\/vielevisels.de\/wp-content\/uploads\/2023\/08\/20220901_134935_Kai-864x1536.jpg 864w, https:\/\/vielevisels.de\/wp-content\/uploads\/2023\/08\/20220901_134935_Kai-1152x2048.jpg 1152w, https:\/\/vielevisels.de\/wp-content\/uploads\/2023\/08\/20220901_134935_Kai-scaled.jpg 1440w\" sizes=\"auto, (max-width: 576px) 100vw, 576px\" \/><\/a><figcaption class=\"wp-element-caption\">Auf den Kernenturm m\u00fcssen wir nat\u00fcrlich hoch.<\/figcaption><\/figure>\n<\/div>\n\n<div class=\"wp-block-image\">\n<figure class=\"aligncenter size-large\"><a href=\"https:\/\/vielevisels.de\/wp-content\/uploads\/2023\/08\/20220901_142809_Kai-scaled.jpg\"><img loading=\"lazy\" decoding=\"async\" width=\"576\" height=\"1024\" src=\"https:\/\/vielevisels.de\/wp-content\/uploads\/2023\/08\/20220901_142809_Kai-576x1024.jpg\" alt=\"\" class=\"wp-image-4671\" srcset=\"https:\/\/vielevisels.de\/wp-content\/uploads\/2023\/08\/20220901_142809_Kai-576x1024.jpg 576w, https:\/\/vielevisels.de\/wp-content\/uploads\/2023\/08\/20220901_142809_Kai-169x300.jpg 169w, https:\/\/vielevisels.de\/wp-content\/uploads\/2023\/08\/20220901_142809_Kai-768x1365.jpg 768w, https:\/\/vielevisels.de\/wp-content\/uploads\/2023\/08\/20220901_142809_Kai-864x1536.jpg 864w, https:\/\/vielevisels.de\/wp-content\/uploads\/2023\/08\/20220901_142809_Kai-1152x2048.jpg 1152w, https:\/\/vielevisels.de\/wp-content\/uploads\/2023\/08\/20220901_142809_Kai-scaled.jpg 1440w\" sizes=\"auto, (max-width: 576px) 100vw, 576px\" \/><\/a><figcaption class=\"wp-element-caption\">Blick auf den Fernsehturm, aus der Grabkapelle am Rotenberg.<\/figcaption><\/figure>\n<\/div>\n\n\n<p>Nach 70km kommen wir m\u00fcde, aber gl\u00fccklich wieder zu Hause an und freuen uns \u00fcber 2 sch\u00f6ne Tage zu zweit, viele Gespr\u00e4che, tolle Landschaften, frische Luft  und viel Bewegung. <\/p>\n\n\n\n<p>Mal sehen, vielleicht gibt es 2023 eine Fortsetzung?<\/p>\n","protected":false},"excerpt":{"rendered":"<p>Manchmal ist es ja eine sch\u00f6ne Abwechslung (und Horizont-Erweiterung) , wenn man seine Radschuhe mit Wanderstiefeln tauscht, und das Rad mit Trekking-St\u00f6cken. So wie auf 2 l\u00e4ngeren Mehrtages-Wanderungen in den Alpen mit meinem Onkel Uwe. Dabei sind wir auch die ein oder andere Wegstrecke gelaufen, die ich schon vom Biken kannte. Und als Uwe jetzt &hellip; <a href=\"https:\/\/vielevisels.de\/?p=4580\" class=\"more-link\"><span class=\"screen-reader-text\">Mit Uwe auf dem Alb-Neckar-Radweg 2022<\/span> weiterlesen <span class=\"meta-nav\">&rarr;<\/span><\/a><\/p>\n","protected":false},"author":1,"featured_media":0,"comment_status":"open","ping_status":"open","sticky":false,"template":"","format":"standard","meta":{"_jetpack_memberships_contains_paid_content":false,"footnotes":""},"categories":[7],"tags":[],"class_list":["post-4580","post","type-post","status-publish","format-standard","hentry","category-blog"],"jetpack_featured_media_url":"","jetpack_sharing_enabled":true,"_links":{"self":[{"href":"https:\/\/vielevisels.de\/index.php?rest_route=\/wp\/v2\/posts\/4580","targetHints":{"allow":["GET"]}}],"collection":[{"href":"https:\/\/vielevisels.de\/index.php?rest_route=\/wp\/v2\/posts"}],"about":[{"href":"https:\/\/vielevisels.de\/index.php?rest_route=\/wp\/v2\/types\/post"}],"author":[{"embeddable":true,"href":"https:\/\/vielevisels.de\/index.php?rest_route=\/wp\/v2\/users\/1"}],"replies":[{"embeddable":true,"href":"https:\/\/vielevisels.de\/index.php?rest_route=%2Fwp%2Fv2%2Fcomments&post=4580"}],"version-history":[{"count":4,"href":"https:\/\/vielevisels.de\/index.php?rest_route=\/wp\/v2\/posts\/4580\/revisions"}],"predecessor-version":[{"id":4686,"href":"https:\/\/vielevisels.de\/index.php?rest_route=\/wp\/v2\/posts\/4580\/revisions\/4686"}],"wp:attachment":[{"href":"https:\/\/vielevisels.de\/index.php?rest_route=%2Fwp%2Fv2%2Fmedia&parent=4580"}],"wp:term":[{"taxonomy":"category","embeddable":true,"href":"https:\/\/vielevisels.de\/index.php?rest_route=%2Fwp%2Fv2%2Fcategories&post=4580"},{"taxonomy":"post_tag","embeddable":true,"href":"https:\/\/vielevisels.de\/index.php?rest_route=%2Fwp%2Fv2%2Ftags&post=4580"}],"curies":[{"name":"wp","href":"https:\/\/api.w.org\/{rel}","templated":true}]}}