{"id":4663,"date":"2022-09-10T19:35:54","date_gmt":"2022-09-10T18:35:54","guid":{"rendered":"https:\/\/vielevisels.de\/?p=4663"},"modified":"2023-08-10T19:56:40","modified_gmt":"2023-08-10T18:56:40","slug":"wekehr-muellsammeln-mit-dem-mtb-stuttgart","status":"publish","type":"post","link":"https:\/\/vielevisels.de\/?p=4663","title":{"rendered":"#wekehr &#8211; M\u00fcllsammeln mit dem MTB Stuttgart"},"content":{"rendered":"\n<p>Der Wald dient neben seiner Wichtigkeit f\u00fcr die Natur auch wirtschaftlichen Zwecken und f\u00fcr die Erholung. Von letzterem profitieren alle, die sich an der frischen Luft bet\u00e4tigen. Damit diese Erholungsfunktion auch erhalten bleibt, engagieren wir uns mit dem AK Naturschutz im Verein Mountainbike Stuttgart e.V. <\/p>\n\n\n\n<p>Nach der Premiere in 2021 haben wir 2022 zwei M\u00fcllsammelaktionen organisiert. An verschiedenen Stellen im Wald haben wir Sammelpunkte eingerichtet und vom Bike aus M\u00fcll gesammelt. <\/p>\n\n\n\n<figure class=\"wp-block-gallery has-nested-images columns-default is-cropped wp-block-gallery-1 is-layout-flex wp-block-gallery-is-layout-flex\">\n<figure class=\"wp-block-image size-large\"><a href=\"https:\/\/vielevisels.de\/wp-content\/uploads\/2023\/08\/MTB-S-NaturkommunikationPost-Muellsammeln-Fazit-1-scaled.jpg\"><img loading=\"lazy\" decoding=\"async\" width=\"1024\" height=\"1024\" data-id=\"4689\" src=\"https:\/\/vielevisels.de\/wp-content\/uploads\/2023\/08\/MTB-S-NaturkommunikationPost-Muellsammeln-Fazit-1-1024x1024.jpg\" alt=\"\" class=\"wp-image-4689\" srcset=\"https:\/\/vielevisels.de\/wp-content\/uploads\/2023\/08\/MTB-S-NaturkommunikationPost-Muellsammeln-Fazit-1-1024x1024.jpg 1024w, https:\/\/vielevisels.de\/wp-content\/uploads\/2023\/08\/MTB-S-NaturkommunikationPost-Muellsammeln-Fazit-1-300x300.jpg 300w, https:\/\/vielevisels.de\/wp-content\/uploads\/2023\/08\/MTB-S-NaturkommunikationPost-Muellsammeln-Fazit-1-150x150.jpg 150w, https:\/\/vielevisels.de\/wp-content\/uploads\/2023\/08\/MTB-S-NaturkommunikationPost-Muellsammeln-Fazit-1-768x768.jpg 768w, https:\/\/vielevisels.de\/wp-content\/uploads\/2023\/08\/MTB-S-NaturkommunikationPost-Muellsammeln-Fazit-1-1536x1536.jpg 1536w, https:\/\/vielevisels.de\/wp-content\/uploads\/2023\/08\/MTB-S-NaturkommunikationPost-Muellsammeln-Fazit-1-2048x2048.jpg 2048w\" sizes=\"auto, (max-width: 1024px) 100vw, 1024px\" \/><\/a><\/figure>\n\n\n\n<figure class=\"wp-block-image size-large\"><a href=\"https:\/\/vielevisels.de\/wp-content\/uploads\/2023\/08\/20220910_160128.jpg\"><img loading=\"lazy\" decoding=\"async\" width=\"1024\" height=\"1024\" data-id=\"4690\" src=\"https:\/\/vielevisels.de\/wp-content\/uploads\/2023\/08\/20220910_160128-1024x1024.jpg\" alt=\"\" class=\"wp-image-4690\" srcset=\"https:\/\/vielevisels.de\/wp-content\/uploads\/2023\/08\/20220910_160128-1024x1024.jpg 1024w, https:\/\/vielevisels.de\/wp-content\/uploads\/2023\/08\/20220910_160128-300x300.jpg 300w, https:\/\/vielevisels.de\/wp-content\/uploads\/2023\/08\/20220910_160128-150x150.jpg 150w, https:\/\/vielevisels.de\/wp-content\/uploads\/2023\/08\/20220910_160128-768x768.jpg 768w, https:\/\/vielevisels.de\/wp-content\/uploads\/2023\/08\/20220910_160128-1536x1536.jpg 1536w, https:\/\/vielevisels.de\/wp-content\/uploads\/2023\/08\/20220910_160128-2048x2048.jpg 2048w\" sizes=\"auto, (max-width: 1024px) 100vw, 1024px\" \/><\/a><\/figure>\n<\/figure>\n\n\n\n<p>M\u00fcll-Schwerpunkte: Grillpl\u00e4tze, Parkpl\u00e4tze und aber auch Stra\u00dfengr\u00e4ben. Auf den Wegen und Trails im Wald wie nicht anders zu erwarten wenig M\u00fcll. Die meisten Waldbesucher nehmen ihren M\u00fcll wieder mit nach Hause. <\/p>\n\n\n\n<p>Im September hat sich der Erfolg der Aktion gar nicht in vielen vollen S\u00e4cken gezeigt, sondern umgekehrt: Die Stellen, an denen wir 2021 und im M\u00e4rz noch Unmengen an M\u00fcll gefunden haben, waren relativ sauber. M\u00fcll zieht M\u00fcll an, und wenn es sauber ist steigt die Hemmschwelle, sich seines M\u00fclls in der Natur zu entledigen.<\/p>\n","protected":false},"excerpt":{"rendered":"<p>Der Wald dient neben seiner Wichtigkeit f\u00fcr die Natur auch wirtschaftlichen Zwecken und f\u00fcr die Erholung. Von letzterem profitieren alle, die sich an der frischen Luft bet\u00e4tigen. Damit diese Erholungsfunktion auch erhalten bleibt, engagieren wir uns mit dem AK Naturschutz im Verein Mountainbike Stuttgart e.V. Nach der Premiere in 2021 haben wir 2022 zwei M\u00fcllsammelaktionen &hellip; <a href=\"https:\/\/vielevisels.de\/?p=4663\" class=\"more-link\"><span class=\"screen-reader-text\">#wekehr &#8211; M\u00fcllsammeln mit dem MTB Stuttgart<\/span> weiterlesen <span class=\"meta-nav\">&rarr;<\/span><\/a><\/p>\n","protected":false},"author":1,"featured_media":0,"comment_status":"open","ping_status":"open","sticky":false,"template":"","format":"standard","meta":{"_jetpack_memberships_contains_paid_content":false,"footnotes":""},"categories":[7],"tags":[46],"class_list":["post-4663","post","type-post","status-publish","format-standard","hentry","category-blog","tag-mtb-stuttgart"],"jetpack_featured_media_url":"","jetpack_sharing_enabled":true,"_links":{"self":[{"href":"https:\/\/vielevisels.de\/index.php?rest_route=\/wp\/v2\/posts\/4663","targetHints":{"allow":["GET"]}}],"collection":[{"href":"https:\/\/vielevisels.de\/index.php?rest_route=\/wp\/v2\/posts"}],"about":[{"href":"https:\/\/vielevisels.de\/index.php?rest_route=\/wp\/v2\/types\/post"}],"author":[{"embeddable":true,"href":"https:\/\/vielevisels.de\/index.php?rest_route=\/wp\/v2\/users\/1"}],"replies":[{"embeddable":true,"href":"https:\/\/vielevisels.de\/index.php?rest_route=%2Fwp%2Fv2%2Fcomments&post=4663"}],"version-history":[{"count":2,"href":"https:\/\/vielevisels.de\/index.php?rest_route=\/wp\/v2\/posts\/4663\/revisions"}],"predecessor-version":[{"id":4691,"href":"https:\/\/vielevisels.de\/index.php?rest_route=\/wp\/v2\/posts\/4663\/revisions\/4691"}],"wp:attachment":[{"href":"https:\/\/vielevisels.de\/index.php?rest_route=%2Fwp%2Fv2%2Fmedia&parent=4663"}],"wp:term":[{"taxonomy":"category","embeddable":true,"href":"https:\/\/vielevisels.de\/index.php?rest_route=%2Fwp%2Fv2%2Fcategories&post=4663"},{"taxonomy":"post_tag","embeddable":true,"href":"https:\/\/vielevisels.de\/index.php?rest_route=%2Fwp%2Fv2%2Ftags&post=4663"}],"curies":[{"name":"wp","href":"https:\/\/api.w.org\/{rel}","templated":true}]}}