{"id":4701,"date":"2023-01-11T20:29:09","date_gmt":"2023-01-11T19:29:09","guid":{"rendered":"https:\/\/vielevisels.de\/?p=4701"},"modified":"2023-08-10T21:01:52","modified_gmt":"2023-08-10T20:01:52","slug":"wildschweine","status":"publish","type":"post","link":"https:\/\/vielevisels.de\/?p=4701","title":{"rendered":"Wildschweine"},"content":{"rendered":"\n<p>Nach den erfolgreichen M\u00fcllsammelaktion in 2022 startet der Januar 2023 mit anderen Aktivit\u00e4ten, auch diesmal geht es um das S\u00e4ubern. Und zwar um das Saugehege. Gemeinsam mit Ralf Noack vom Forst BW befreien wir den Elektrozaun von Geh\u00f6lz und Erde, um seine Funktion sicherzustellen. <\/p>\n\n\n\n<figure class=\"wp-block-gallery has-nested-images columns-default is-cropped wp-block-gallery-1 is-layout-flex wp-block-gallery-is-layout-flex\">\n<figure class=\"wp-block-image size-large\"><a href=\"https:\/\/vielevisels.de\/wp-content\/uploads\/2023\/08\/20230111_152007-scaled.jpg\"><img loading=\"lazy\" decoding=\"async\" width=\"1024\" height=\"576\" data-id=\"4702\" src=\"https:\/\/vielevisels.de\/wp-content\/uploads\/2023\/08\/20230111_152007-1024x576.jpg\" alt=\"\" class=\"wp-image-4702\" srcset=\"https:\/\/vielevisels.de\/wp-content\/uploads\/2023\/08\/20230111_152007-1024x576.jpg 1024w, https:\/\/vielevisels.de\/wp-content\/uploads\/2023\/08\/20230111_152007-300x169.jpg 300w, https:\/\/vielevisels.de\/wp-content\/uploads\/2023\/08\/20230111_152007-768x432.jpg 768w, https:\/\/vielevisels.de\/wp-content\/uploads\/2023\/08\/20230111_152007-1536x864.jpg 1536w, https:\/\/vielevisels.de\/wp-content\/uploads\/2023\/08\/20230111_152007-2048x1152.jpg 2048w\" sizes=\"auto, (max-width: 1024px) 100vw, 1024px\" \/><\/a><\/figure>\n\n\n\n<figure class=\"wp-block-image size-large\"><a href=\"https:\/\/vielevisels.de\/wp-content\/uploads\/2023\/08\/20230111_152828-scaled.jpg\"><img loading=\"lazy\" decoding=\"async\" width=\"1024\" height=\"768\" data-id=\"4704\" src=\"https:\/\/vielevisels.de\/wp-content\/uploads\/2023\/08\/20230111_152828-1024x768.jpg\" alt=\"\" class=\"wp-image-4704\" srcset=\"https:\/\/vielevisels.de\/wp-content\/uploads\/2023\/08\/20230111_152828-1024x768.jpg 1024w, https:\/\/vielevisels.de\/wp-content\/uploads\/2023\/08\/20230111_152828-300x225.jpg 300w, https:\/\/vielevisels.de\/wp-content\/uploads\/2023\/08\/20230111_152828-768x576.jpg 768w, https:\/\/vielevisels.de\/wp-content\/uploads\/2023\/08\/20230111_152828-1536x1152.jpg 1536w, https:\/\/vielevisels.de\/wp-content\/uploads\/2023\/08\/20230111_152828-2048x1536.jpg 2048w\" sizes=\"auto, (max-width: 1024px) 100vw, 1024px\" \/><\/a><\/figure>\n<\/figure>\n\n\n\n<p>Etwas mulmig war uns schon, als sich das Tor hinter uns schlie\u00dft, und wir gemeinsam mit den Wildschweinen im Gehege stehen.  Aber in den zwei Stunden haben wir nicht nur den Zaun ges\u00e4ubert, sondern auch noch die Sau-Eiche vermessen und viel \u00fcber den Wald erfahren. Spa\u00df hat es gemacht!<\/p>\n","protected":false},"excerpt":{"rendered":"<p>Nach den erfolgreichen M\u00fcllsammelaktion in 2022 startet der Januar 2023 mit anderen Aktivit\u00e4ten, auch diesmal geht es um das S\u00e4ubern. Und zwar um das Saugehege. Gemeinsam mit Ralf Noack vom Forst BW befreien wir den Elektrozaun von Geh\u00f6lz und Erde, um seine Funktion sicherzustellen. Etwas mulmig war uns schon, als sich das Tor hinter uns &hellip; <a href=\"https:\/\/vielevisels.de\/?p=4701\" class=\"more-link\"><span class=\"screen-reader-text\">Wildschweine<\/span> weiterlesen <span class=\"meta-nav\">&rarr;<\/span><\/a><\/p>\n","protected":false},"author":1,"featured_media":0,"comment_status":"open","ping_status":"open","sticky":false,"template":"","format":"standard","meta":{"_jetpack_memberships_contains_paid_content":false,"footnotes":""},"categories":[7],"tags":[46],"class_list":["post-4701","post","type-post","status-publish","format-standard","hentry","category-blog","tag-mtb-stuttgart"],"jetpack_featured_media_url":"","jetpack_sharing_enabled":true,"_links":{"self":[{"href":"https:\/\/vielevisels.de\/index.php?rest_route=\/wp\/v2\/posts\/4701","targetHints":{"allow":["GET"]}}],"collection":[{"href":"https:\/\/vielevisels.de\/index.php?rest_route=\/wp\/v2\/posts"}],"about":[{"href":"https:\/\/vielevisels.de\/index.php?rest_route=\/wp\/v2\/types\/post"}],"author":[{"embeddable":true,"href":"https:\/\/vielevisels.de\/index.php?rest_route=\/wp\/v2\/users\/1"}],"replies":[{"embeddable":true,"href":"https:\/\/vielevisels.de\/index.php?rest_route=%2Fwp%2Fv2%2Fcomments&post=4701"}],"version-history":[{"count":1,"href":"https:\/\/vielevisels.de\/index.php?rest_route=\/wp\/v2\/posts\/4701\/revisions"}],"predecessor-version":[{"id":4705,"href":"https:\/\/vielevisels.de\/index.php?rest_route=\/wp\/v2\/posts\/4701\/revisions\/4705"}],"wp:attachment":[{"href":"https:\/\/vielevisels.de\/index.php?rest_route=%2Fwp%2Fv2%2Fmedia&parent=4701"}],"wp:term":[{"taxonomy":"category","embeddable":true,"href":"https:\/\/vielevisels.de\/index.php?rest_route=%2Fwp%2Fv2%2Fcategories&post=4701"},{"taxonomy":"post_tag","embeddable":true,"href":"https:\/\/vielevisels.de\/index.php?rest_route=%2Fwp%2Fv2%2Ftags&post=4701"}],"curies":[{"name":"wp","href":"https:\/\/api.w.org\/{rel}","templated":true}]}}