{"id":4846,"date":"2024-10-21T23:36:35","date_gmt":"2024-10-21T22:36:35","guid":{"rendered":"https:\/\/vielevisels.de\/?p=4846"},"modified":"2024-11-24T22:14:29","modified_gmt":"2024-11-24T21:14:29","slug":"herbsttour-in-den-schwarzwald-enz-und-nagold","status":"publish","type":"post","link":"https:\/\/vielevisels.de\/?p=4846","title":{"rendered":"Herbsttour in den Schwarzwald &#8211; Enz und Nagold"},"content":{"rendered":"<p><em>Wer Sonnen-Garantie will, plant im Oktober keine Radtour im Schwarzwald, Wetter-\u00dcberraschungen geh\u00f6ren da zum Programm.<\/em> Auch landschaftlich\u00a0 super abwechslungsreich war die 3-Tagestour in den Schwarzwald gemeinsam mit meinem Onkel Uwe. Und f\u00fcr mich an vielen Stellen ein Deja Vu mit Orten, an denen ich schon die ein oder andere Tour zu Fu\u00df oder auf dem Rad gemacht habe.<\/p>\n<h3>Montag, 21.10.2024<\/h3>\n<h5><em>Ruhiges Herbstwetter. <\/em>Enztal und Schwarzwaldh\u00f6hen<\/h5>\n<p><em>Der Blick auf die Wetter-Vorhersage die Tage vorher hilft nicht beim Packen, t\u00e4glich wechselt die Prognose. Also m\u00fcssen Klamotten f\u00fcr jedes Wetter mit. Aber mit herbstlich milden Temperaturen am ersten Tag geht es gut los.\u00a0<\/em>Vom Pforzheimer Bahnhof sind es nur ein paar Minuten bis runter an die Enz, und der Enzradweg leitet uns erstmal mitten durch die Au\u00dfengastro eines Caf\u00e9s direkt am Flu\u00df. Dann\u00a0 begleiten uns noch eine Weile Wohngebiete und Industrie am Stadtrand, doch bald hat das ein Ende, mal im Wald, dann wieder kurze St\u00fccke entlang der Stra\u00dfe , durch kleine Orte und an der Trasse der Enztalbahn geht es langsam entlang\u00a0 des Flusses aufw\u00e4rts bis Bad Wildbad.<\/p>\n<p>Nach einem kleinen Schlenker durch den Kurpark und an den pomp\u00f6sen B\u00e4dern vorbei\u00a0 (ein Besuch des Palais Thermal ist mit seiner Maurischen Architektur lohnenswert und der Sauna- und Badebereich eine Erholung f\u00fcr m\u00fcde Radfahrende, aber daf\u00fcr haben wir noch nicht genug geschafft heute) suchen wir uns einen B\u00e4cker <em>und sitzen bald im T-Shirt in der Sonne. <\/em>Auch hier ist die Au\u00dfengastro wieder spannend, sind es nicht die Radfahrer die hier zwischen den Tischen durchgeleitet werden, sondern die Enztalbahn, die in Griffweite an uns vorbei f\u00e4hrt. Wer hier seinen Kaffee trinkt tut gut daran, die Beine unter dem Tisch zu lassen.<\/p>\n<p>Die Sommerbergbahn bringt uns schnell und ohne Anstrengung auf die Schwarzwaldh\u00f6hen, nach einem Blick hinunter auf Bad Wildbad tauchen wir ein in den Schwarzwald. Anfangs sind wir noch unter den Ausfl\u00fcglern, die den Baumwipfelpfad und Kinderspielplatz erkunden, bald sind wir aber allein. Am Moor in Kaltenbronn schieben wir die R\u00e4der \u00fcber den (als Radweg beschilderten) Holzbohlenpfad bis zum Wildsee und <em>genie\u00dfen bei blauem Himmel die Ruhe mit Blick auf den kleinen See.<\/em><\/p>\n<figure id=\"attachment_4848\" aria-describedby=\"caption-attachment-4848\" style=\"width: 474px\" class=\"wp-caption aligncenter\"><a href=\"https:\/\/vielevisels.de\/wp-content\/uploads\/2024\/10\/20241021_134741-scaled.jpg\"><img loading=\"lazy\" decoding=\"async\" class=\"wp-image-4848 size-large\" src=\"https:\/\/vielevisels.de\/wp-content\/uploads\/2024\/10\/20241021_134741-1024x576.jpg\" alt=\"\" width=\"474\" height=\"267\" srcset=\"https:\/\/vielevisels.de\/wp-content\/uploads\/2024\/10\/20241021_134741-1024x576.jpg 1024w, https:\/\/vielevisels.de\/wp-content\/uploads\/2024\/10\/20241021_134741-300x169.jpg 300w, https:\/\/vielevisels.de\/wp-content\/uploads\/2024\/10\/20241021_134741-768x432.jpg 768w, https:\/\/vielevisels.de\/wp-content\/uploads\/2024\/10\/20241021_134741-1536x864.jpg 1536w, https:\/\/vielevisels.de\/wp-content\/uploads\/2024\/10\/20241021_134741-2048x1152.jpg 2048w\" sizes=\"auto, (max-width: 474px) 100vw, 474px\" \/><\/a><figcaption id=\"caption-attachment-4848\" class=\"wp-caption-text\">Am Wildsee<\/figcaption><\/figure>\n<figure id=\"attachment_4872\" aria-describedby=\"caption-attachment-4872\" style=\"width: 474px\" class=\"wp-caption aligncenter\"><a href=\"https:\/\/vielevisels.de\/wp-content\/uploads\/2024\/10\/20241021_140328-scaled.jpg\"><img loading=\"lazy\" decoding=\"async\" class=\"wp-image-4872 size-large\" src=\"https:\/\/vielevisels.de\/wp-content\/uploads\/2024\/10\/20241021_140328-1024x768.jpg\" alt=\"\" width=\"474\" height=\"356\" srcset=\"https:\/\/vielevisels.de\/wp-content\/uploads\/2024\/10\/20241021_140328-1024x768.jpg 1024w, https:\/\/vielevisels.de\/wp-content\/uploads\/2024\/10\/20241021_140328-300x225.jpg 300w, https:\/\/vielevisels.de\/wp-content\/uploads\/2024\/10\/20241021_140328-768x576.jpg 768w, https:\/\/vielevisels.de\/wp-content\/uploads\/2024\/10\/20241021_140328-1536x1152.jpg 1536w, https:\/\/vielevisels.de\/wp-content\/uploads\/2024\/10\/20241021_140328-2048x1536.jpg 2048w\" sizes=\"auto, (max-width: 474px) 100vw, 474px\" \/><\/a><figcaption id=\"caption-attachment-4872\" class=\"wp-caption-text\">Auf dem Holzweg \ud83d\ude42<\/figcaption><\/figure>\n<p><em>Ganz so dunkel, wie man dem Schwarzwald nachsagt, war er bisher nicht.<\/em> St\u00fcrme und Abholzungen haben den Wald etwas verj\u00fcngt, und zwischen den dunklen Nadelb\u00e4umen gibt es doch viel Licht und auch den ein oder anderen Laubbaum. Nach einer Pause am Hohlohturm f\u00e4hrt uns der Schreck in die Glieder: Beim Blick aufs Navi zieht es Uwes Rad in Richtung Stra\u00dfengraben, sein Schwerpunkt hat andere Pl\u00e4ne. Au\u00dfer geprellten Rippen und einem Riesen Schreck zum Gl\u00fcck keine gr\u00f6\u00dferen Sch\u00e4den, so sind wir froh, bald unser Etappenziel in Besenfeld, direkt um die Ecke der Nagoldquelle, zu erreichen.<em> F\u00fcr den Badeteich ist es uns zu kalt,<\/em> und statt der Blockhaus-Sauna gibt es erstmal eine versp\u00e4tete Mittagspause auf den Schreck. Nach einem leckeren Abendessen, einer ruhigen Nacht und dem gem\u00fctlichen Fr\u00fchst\u00fcck sieht die Welt schon anders aus.<\/p>\n<h3>Dienstag, 22.10.2024<\/h3>\n<h5><em>Regen und tr\u00fcb.<\/em> Dunkles Tal, 20km Stra\u00dfe und Nagold-Schleifen<\/h5>\n<p><em>Leider auch grau, es regnet. Mit Blick auf die Wetter-App starten wir erst nach einem verl\u00e4ngerten Fr\u00fchst\u00fcck und einer zweiten Tasse Kaffee, ziehen aber nach ein paar Metern direkt schon die Regenklamotten an. <\/em>In das enge Tal der jungen Nagold f\u00e4llt sowieso schon wenig Licht, <em>und bei dem Regenwetter ist es noch dunkler.<\/em> Am Stausee weitet sich das Tal und die n\u00e4chsten 20km verl\u00e4uft der Radweg direkt auf der Stra\u00dfe. <em>Nachdem sich das Wetter nicht an das Regen-Radar h\u00e4lt, bei Dauerregen, <\/em>so halten sich die Besichtigungspausen in Grenzen<em>.<\/em><a href=\"https:\/\/vielevisels.de\/wp-content\/uploads\/2024\/10\/20241022_122141-scaled.jpg\"><img loading=\"lazy\" decoding=\"async\" class=\"aligncenter size-large wp-image-4849\" src=\"https:\/\/vielevisels.de\/wp-content\/uploads\/2024\/10\/20241022_122141-1024x576.jpg\" alt=\"\" width=\"474\" height=\"267\" srcset=\"https:\/\/vielevisels.de\/wp-content\/uploads\/2024\/10\/20241022_122141-1024x576.jpg 1024w, https:\/\/vielevisels.de\/wp-content\/uploads\/2024\/10\/20241022_122141-300x169.jpg 300w, https:\/\/vielevisels.de\/wp-content\/uploads\/2024\/10\/20241022_122141-768x432.jpg 768w, https:\/\/vielevisels.de\/wp-content\/uploads\/2024\/10\/20241022_122141-1536x864.jpg 1536w, https:\/\/vielevisels.de\/wp-content\/uploads\/2024\/10\/20241022_122141-2048x1152.jpg 2048w\" sizes=\"auto, (max-width: 474px) 100vw, 474px\" \/><\/a><em>Zum Gl\u00fcck sind die Temperaturenbei ertr\u00e4glich, <\/em>und auf den vielen Nagold-Schleifen <em>bis zur Mittagspause in Nagold trocknen sogar die Regenklamotten einigerma\u00dfen ab. Der Nachmittag bleibt trocken, aber tr\u00fcb,<\/em> und so gibt es den ein oder anderen Sightseeing-Abstecher.<\/p>\n<figure id=\"attachment_4873\" aria-describedby=\"caption-attachment-4873\" style=\"width: 474px\" class=\"wp-caption aligncenter\"><a href=\"https:\/\/vielevisels.de\/wp-content\/uploads\/2024\/10\/20241022_144925-scaled.jpg\"><img loading=\"lazy\" decoding=\"async\" class=\"size-large wp-image-4873\" src=\"https:\/\/vielevisels.de\/wp-content\/uploads\/2024\/10\/20241022_144925-1024x578.jpg\" alt=\"\" width=\"474\" height=\"268\" srcset=\"https:\/\/vielevisels.de\/wp-content\/uploads\/2024\/10\/20241022_144925-1024x578.jpg 1024w, https:\/\/vielevisels.de\/wp-content\/uploads\/2024\/10\/20241022_144925-300x169.jpg 300w, https:\/\/vielevisels.de\/wp-content\/uploads\/2024\/10\/20241022_144925-768x433.jpg 768w, https:\/\/vielevisels.de\/wp-content\/uploads\/2024\/10\/20241022_144925-1536x866.jpg 1536w, https:\/\/vielevisels.de\/wp-content\/uploads\/2024\/10\/20241022_144925-2048x1155.jpg 2048w\" sizes=\"auto, (max-width: 474px) 100vw, 474px\" \/><\/a><figcaption id=\"caption-attachment-4873\" class=\"wp-caption-text\">Kloster Reuthin in Wildberg<\/figcaption><\/figure>\n<p>Am Ziel <em>in der Hesse-Stadt Calw genie\u00dfen wir das trockene Wetter<\/em> und einen kurzen Stadt-Spaziergang vor dem (leckeren) Abendessen.<\/p>\n<figure id=\"attachment_4874\" aria-describedby=\"caption-attachment-4874\" style=\"width: 474px\" class=\"wp-caption aligncenter\"><a href=\"https:\/\/vielevisels.de\/wp-content\/uploads\/2024\/10\/20241022_182137-scaled.jpg\"><img loading=\"lazy\" decoding=\"async\" class=\"size-large wp-image-4874\" src=\"https:\/\/vielevisels.de\/wp-content\/uploads\/2024\/10\/20241022_182137-1024x576.jpg\" alt=\"\" width=\"474\" height=\"267\" srcset=\"https:\/\/vielevisels.de\/wp-content\/uploads\/2024\/10\/20241022_182137-1024x576.jpg 1024w, https:\/\/vielevisels.de\/wp-content\/uploads\/2024\/10\/20241022_182137-300x169.jpg 300w, https:\/\/vielevisels.de\/wp-content\/uploads\/2024\/10\/20241022_182137-768x432.jpg 768w, https:\/\/vielevisels.de\/wp-content\/uploads\/2024\/10\/20241022_182137-1536x864.jpg 1536w, https:\/\/vielevisels.de\/wp-content\/uploads\/2024\/10\/20241022_182137-2048x1152.jpg 2048w\" sizes=\"auto, (max-width: 474px) 100vw, 474px\" \/><\/a><figcaption id=\"caption-attachment-4874\" class=\"wp-caption-text\">Hermann Hesse, und Uwe.<\/figcaption><\/figure>\n<h3>Mittwoch, 23.10.2024<\/h3>\n<h5><em>Nebel und Sonne.<\/em> Mystische Ruinen, ruhige Flusslandschaften, Weinberge und Streuobstwiesen<\/h5>\n<p><em>Am Morgen: Nebel. Und kalt.<\/em> Fr\u00fchst\u00fcck gibt es beim B\u00e4cker um die Ecke, als wir dann um 9:00 starten, <em>hat die Sonne noch keine Chance.<\/em> Aber die Stimmung ist mystisch, als wir in den Ruinen des Klosters Hirsau stehen.<\/p>\n<figure id=\"attachment_4850\" aria-describedby=\"caption-attachment-4850\" style=\"width: 474px\" class=\"wp-caption aligncenter\"><a href=\"https:\/\/vielevisels.de\/wp-content\/uploads\/2024\/10\/20241023_092351-scaled.jpg\"><img loading=\"lazy\" decoding=\"async\" class=\"wp-image-4850 size-large\" src=\"https:\/\/vielevisels.de\/wp-content\/uploads\/2024\/10\/20241023_092351-576x1024.jpg\" alt=\"\" width=\"474\" height=\"843\" srcset=\"https:\/\/vielevisels.de\/wp-content\/uploads\/2024\/10\/20241023_092351-576x1024.jpg 576w, https:\/\/vielevisels.de\/wp-content\/uploads\/2024\/10\/20241023_092351-169x300.jpg 169w, https:\/\/vielevisels.de\/wp-content\/uploads\/2024\/10\/20241023_092351-768x1365.jpg 768w, https:\/\/vielevisels.de\/wp-content\/uploads\/2024\/10\/20241023_092351-864x1536.jpg 864w, https:\/\/vielevisels.de\/wp-content\/uploads\/2024\/10\/20241023_092351-1152x2048.jpg 1152w, https:\/\/vielevisels.de\/wp-content\/uploads\/2024\/10\/20241023_092351-scaled.jpg 1440w\" sizes=\"auto, (max-width: 474px) 100vw, 474px\" \/><\/a><figcaption id=\"caption-attachment-4850\" class=\"wp-caption-text\">Kloster Hirsau<\/figcaption><\/figure>\n<figure id=\"attachment_4875\" aria-describedby=\"caption-attachment-4875\" style=\"width: 474px\" class=\"wp-caption aligncenter\"><a href=\"https:\/\/vielevisels.de\/wp-content\/uploads\/2024\/10\/20241023_092509-scaled.jpg\"><img loading=\"lazy\" decoding=\"async\" class=\"size-large wp-image-4875\" src=\"https:\/\/vielevisels.de\/wp-content\/uploads\/2024\/10\/20241023_092509-1024x576.jpg\" alt=\"\" width=\"474\" height=\"267\" srcset=\"https:\/\/vielevisels.de\/wp-content\/uploads\/2024\/10\/20241023_092509-1024x576.jpg 1024w, https:\/\/vielevisels.de\/wp-content\/uploads\/2024\/10\/20241023_092509-300x169.jpg 300w, https:\/\/vielevisels.de\/wp-content\/uploads\/2024\/10\/20241023_092509-768x432.jpg 768w, https:\/\/vielevisels.de\/wp-content\/uploads\/2024\/10\/20241023_092509-1536x864.jpg 1536w, https:\/\/vielevisels.de\/wp-content\/uploads\/2024\/10\/20241023_092509-2048x1152.jpg 2048w\" sizes=\"auto, (max-width: 474px) 100vw, 474px\" \/><\/a><figcaption id=\"caption-attachment-4875\" class=\"wp-caption-text\">Kloster Hirsau<\/figcaption><\/figure>\n<p><em>Auch auf dem Nagoldradweg bilden Nebel und Herbstlaub eine tolle Kulisse.<\/em> Mit R\u00fccksicht auf die Nachwirkungen des Sturzes vom ersten Tag und die vielen H\u00f6henmeter auf der geplanten Strecke \u00fcber Weil der Stadt direkt nach Stuttgart, \u00e4ndern wir spontan unsere Route und bleiben bis Pforzheim im Nagoldtal, und dann weiter Enzabw\u00e4rts.<\/p>\n<figure id=\"attachment_4876\" aria-describedby=\"caption-attachment-4876\" style=\"width: 474px\" class=\"wp-caption aligncenter\"><a href=\"https:\/\/vielevisels.de\/wp-content\/uploads\/2024\/10\/20241023_101944-scaled.jpg\"><img loading=\"lazy\" decoding=\"async\" class=\"size-large wp-image-4876\" src=\"https:\/\/vielevisels.de\/wp-content\/uploads\/2024\/10\/20241023_101944-1024x576.jpg\" alt=\"\" width=\"474\" height=\"267\" srcset=\"https:\/\/vielevisels.de\/wp-content\/uploads\/2024\/10\/20241023_101944-1024x576.jpg 1024w, https:\/\/vielevisels.de\/wp-content\/uploads\/2024\/10\/20241023_101944-300x169.jpg 300w, https:\/\/vielevisels.de\/wp-content\/uploads\/2024\/10\/20241023_101944-768x432.jpg 768w, https:\/\/vielevisels.de\/wp-content\/uploads\/2024\/10\/20241023_101944-1536x864.jpg 1536w, https:\/\/vielevisels.de\/wp-content\/uploads\/2024\/10\/20241023_101944-2048x1152.jpg 2048w\" sizes=\"auto, (max-width: 474px) 100vw, 474px\" \/><\/a><figcaption id=\"caption-attachment-4876\" class=\"wp-caption-text\">Bei Unterreichenbach<\/figcaption><\/figure>\n<figure id=\"attachment_4877\" aria-describedby=\"caption-attachment-4877\" style=\"width: 474px\" class=\"wp-caption aligncenter\"><a href=\"https:\/\/vielevisels.de\/wp-content\/uploads\/2024\/10\/20241023_102944-scaled.jpg\"><img loading=\"lazy\" decoding=\"async\" class=\"size-large wp-image-4877\" src=\"https:\/\/vielevisels.de\/wp-content\/uploads\/2024\/10\/20241023_102944-1024x576.jpg\" alt=\"\" width=\"474\" height=\"267\" srcset=\"https:\/\/vielevisels.de\/wp-content\/uploads\/2024\/10\/20241023_102944-1024x576.jpg 1024w, https:\/\/vielevisels.de\/wp-content\/uploads\/2024\/10\/20241023_102944-300x169.jpg 300w, https:\/\/vielevisels.de\/wp-content\/uploads\/2024\/10\/20241023_102944-768x432.jpg 768w, https:\/\/vielevisels.de\/wp-content\/uploads\/2024\/10\/20241023_102944-1536x864.jpg 1536w, https:\/\/vielevisels.de\/wp-content\/uploads\/2024\/10\/20241023_102944-2048x1152.jpg 2048w\" sizes=\"auto, (max-width: 474px) 100vw, 474px\" \/><\/a><figcaption id=\"caption-attachment-4877\" class=\"wp-caption-text\">Vorsichtige Sonnenstrahlen<\/figcaption><\/figure>\n<p><em>Nach und nach lichtet sich der Nebel und die Sonne setzt sich durch,<\/em> bis wir dann in Pforzheim von der Nagold an die Enz wechseln <em>und erstmal einen Kaffee in der Sonne trinken.<\/em> Das Enztal ist weit und <em>wir freuen uns \u00fcber die vielen Sonnenstrahlen.<\/em> Kleine Ortschaften, Felder, Weinberge und Streuobstwiesen wechseln sich ab, bis wir unser Ziel in Vaihingen Enz erreichen.<\/p>\n<figure id=\"attachment_4878\" aria-describedby=\"caption-attachment-4878\" style=\"width: 474px\" class=\"wp-caption aligncenter\"><a href=\"https:\/\/vielevisels.de\/wp-content\/uploads\/2024\/10\/20241023_132953-scaled.jpg\"><img loading=\"lazy\" decoding=\"async\" class=\"size-large wp-image-4878\" src=\"https:\/\/vielevisels.de\/wp-content\/uploads\/2024\/10\/20241023_132953-1024x576.jpg\" alt=\"\" width=\"474\" height=\"267\" srcset=\"https:\/\/vielevisels.de\/wp-content\/uploads\/2024\/10\/20241023_132953-1024x576.jpg 1024w, https:\/\/vielevisels.de\/wp-content\/uploads\/2024\/10\/20241023_132953-300x169.jpg 300w, https:\/\/vielevisels.de\/wp-content\/uploads\/2024\/10\/20241023_132953-768x432.jpg 768w, https:\/\/vielevisels.de\/wp-content\/uploads\/2024\/10\/20241023_132953-1536x864.jpg 1536w, https:\/\/vielevisels.de\/wp-content\/uploads\/2024\/10\/20241023_132953-2048x1152.jpg 2048w\" sizes=\"auto, (max-width: 474px) 100vw, 474px\" \/><\/a><figcaption id=\"caption-attachment-4878\" class=\"wp-caption-text\">Bei M\u00fchlhausen<\/figcaption><\/figure>\n<figure id=\"attachment_4879\" aria-describedby=\"caption-attachment-4879\" style=\"width: 474px\" class=\"wp-caption aligncenter\"><a href=\"https:\/\/vielevisels.de\/wp-content\/uploads\/2024\/10\/20241023_133711-scaled.jpg\"><img loading=\"lazy\" decoding=\"async\" class=\"size-large wp-image-4879\" src=\"https:\/\/vielevisels.de\/wp-content\/uploads\/2024\/10\/20241023_133711-1024x576.jpg\" alt=\"\" width=\"474\" height=\"267\" srcset=\"https:\/\/vielevisels.de\/wp-content\/uploads\/2024\/10\/20241023_133711-1024x576.jpg 1024w, https:\/\/vielevisels.de\/wp-content\/uploads\/2024\/10\/20241023_133711-300x169.jpg 300w, https:\/\/vielevisels.de\/wp-content\/uploads\/2024\/10\/20241023_133711-768x432.jpg 768w, https:\/\/vielevisels.de\/wp-content\/uploads\/2024\/10\/20241023_133711-1536x864.jpg 1536w, https:\/\/vielevisels.de\/wp-content\/uploads\/2024\/10\/20241023_133711-2048x1152.jpg 2048w\" sizes=\"auto, (max-width: 474px) 100vw, 474px\" \/><\/a><figcaption id=\"caption-attachment-4879\" class=\"wp-caption-text\">Fallobst als St\u00e4rkung<\/figcaption><\/figure>\n<p>Kurze Wartezeit an der Bahn, und bald sind wir in Stuttgart. Nachdem wir bisher noch kein Mittagessen hatten,\u00a0 steuern wir erstmal eine Pizzeria an, <em>und dann geht es zwar noch sonnig, aber schon deutlich k\u00fchler,<\/em> auf die letzten H\u00f6henmeter nach Hause.<\/p>\n<h3>R\u00fcckblick<\/h3>\n<p>Es ist immer wieder faszinierend, wie viel man mit dem Rad in so kurzer Zeit erleben kann. So unterschiedliche Landschaften, Wetter, Stimmungen, Menschen, das funktioniert nur per Rad. Lieben Danke Uwe, dass wir das gemeinsam erleben k\u00f6nnen!<\/p>\n<p>&nbsp;<\/p>\n","protected":false},"excerpt":{"rendered":"<p>Wer Sonnen-Garantie will, plant im Oktober keine Radtour im Schwarzwald, Wetter-\u00dcberraschungen geh\u00f6ren da zum Programm. Auch landschaftlich\u00a0 super abwechslungsreich war die 3-Tagestour in den Schwarzwald gemeinsam mit meinem Onkel Uwe. Und f\u00fcr mich an vielen Stellen ein Deja Vu mit Orten, an denen ich schon die ein oder andere Tour zu Fu\u00df oder auf dem &hellip; <a href=\"https:\/\/vielevisels.de\/?p=4846\" class=\"more-link\"><span class=\"screen-reader-text\">Herbsttour in den Schwarzwald &#8211; Enz und Nagold<\/span> weiterlesen <span class=\"meta-nav\">&rarr;<\/span><\/a><\/p>\n","protected":false},"author":1,"featured_media":0,"comment_status":"open","ping_status":"open","sticky":false,"template":"","format":"image","meta":{"_jetpack_memberships_contains_paid_content":false,"footnotes":""},"categories":[15,3],"tags":[35,50,17],"class_list":["post-4846","post","type-post","status-publish","format-image","hentry","category-trekking-trips","category-trips","tag-familie","tag-lastenrad","tag-mehrtagestour","post_format-post-format-image"],"jetpack_featured_media_url":"","jetpack_sharing_enabled":true,"_links":{"self":[{"href":"https:\/\/vielevisels.de\/index.php?rest_route=\/wp\/v2\/posts\/4846","targetHints":{"allow":["GET"]}}],"collection":[{"href":"https:\/\/vielevisels.de\/index.php?rest_route=\/wp\/v2\/posts"}],"about":[{"href":"https:\/\/vielevisels.de\/index.php?rest_route=\/wp\/v2\/types\/post"}],"author":[{"embeddable":true,"href":"https:\/\/vielevisels.de\/index.php?rest_route=\/wp\/v2\/users\/1"}],"replies":[{"embeddable":true,"href":"https:\/\/vielevisels.de\/index.php?rest_route=%2Fwp%2Fv2%2Fcomments&post=4846"}],"version-history":[{"count":6,"href":"https:\/\/vielevisels.de\/index.php?rest_route=\/wp\/v2\/posts\/4846\/revisions"}],"predecessor-version":[{"id":4880,"href":"https:\/\/vielevisels.de\/index.php?rest_route=\/wp\/v2\/posts\/4846\/revisions\/4880"}],"wp:attachment":[{"href":"https:\/\/vielevisels.de\/index.php?rest_route=%2Fwp%2Fv2%2Fmedia&parent=4846"}],"wp:term":[{"taxonomy":"category","embeddable":true,"href":"https:\/\/vielevisels.de\/index.php?rest_route=%2Fwp%2Fv2%2Fcategories&post=4846"},{"taxonomy":"post_tag","embeddable":true,"href":"https:\/\/vielevisels.de\/index.php?rest_route=%2Fwp%2Fv2%2Ftags&post=4846"}],"curies":[{"name":"wp","href":"https:\/\/api.w.org\/{rel}","templated":true}]}}