{"id":80,"date":"1976-06-01T12:12:46","date_gmt":"1976-06-01T12:12:46","guid":{"rendered":"http:\/\/blog.vielevisels.de\/?p=80"},"modified":"2024-01-15T10:43:15","modified_gmt":"2024-01-15T09:43:15","slug":"kindertage","status":"publish","type":"post","link":"https:\/\/vielevisels.de\/?p=80","title":{"rendered":"Mein Fuhrpark: Die Anf\u00e4nge"},"content":{"rendered":"<p>Ich kann mich noch gut an Radtouren mit meinen Eltern erinnern, bei denen ich wenig Verst\u00e4ndnis daf\u00fcr hatte, wenn mein Vater mal wieder abseits der Stra\u00dfen auf irgendwelchen zugewucherten Feld- und Waldwege unterwegs war? Mit dem 26&#8243; Jugendrad mit Rennlenker eine wackelige Angelegenheit. Wer h\u00e4tte geahnt, dass ich mal in die gleiche Kerbe haue?<\/p>\n<figure id=\"attachment_81\" aria-describedby=\"caption-attachment-81\" style=\"width: 474px\" class=\"wp-caption aligncenter\"><a href=\"http:\/\/blog.vielevisels.de\/wp-content\/uploads\/2014\/01\/1976.jpg\"><img loading=\"lazy\" decoding=\"async\" class=\"size-large wp-image-81\" src=\"http:\/\/blog.vielevisels.de\/wp-content\/uploads\/2014\/01\/1976-1024x675.jpg\" alt=\"Radtour 1976\" width=\"474\" height=\"312\" srcset=\"https:\/\/vielevisels.de\/wp-content\/uploads\/2014\/01\/1976-1024x675.jpg 1024w, https:\/\/vielevisels.de\/wp-content\/uploads\/2014\/01\/1976-300x197.jpg 300w, https:\/\/vielevisels.de\/wp-content\/uploads\/2014\/01\/1976.jpg 1511w\" sizes=\"auto, (max-width: 474px) 100vw, 474px\" \/><\/a><figcaption id=\"caption-attachment-81\" class=\"wp-caption-text\">Radtour 1976<\/figcaption><\/figure>\n<p>Irgendwann kam dann ein &#8222;vern\u00fcnftiges&#8220; Tourenrad, und das alte 26&#8243; Zoll Bike wurde umgebaut: 1 Gang (neudeutsch Singlespeed), Lenker gedreht, Schutzbleche entsorgt und knallrot angestrichen. Ideal f\u00fcr die inoffiziellen Moto-Cross-Strecken im Wald. ;-)=<\/p>\n<address><em>Geschrieben: 2014-01-19<\/em><\/address>\n","protected":false},"excerpt":{"rendered":"<p>Ich kann mich noch gut an Radtouren mit meinen Eltern erinnern, bei denen ich wenig Verst\u00e4ndnis daf\u00fcr hatte, wenn mein Vater mal wieder abseits der Stra\u00dfen auf irgendwelchen zugewucherten Feld- und Waldwege unterwegs war? Mit dem 26&#8243; Jugendrad mit Rennlenker eine wackelige Angelegenheit. Wer h\u00e4tte geahnt, dass ich mal in die gleiche Kerbe haue? Irgendwann &hellip; <a href=\"https:\/\/vielevisels.de\/?p=80\" class=\"more-link\"><span class=\"screen-reader-text\">Mein Fuhrpark: Die Anf\u00e4nge<\/span> weiterlesen <span class=\"meta-nav\">&rarr;<\/span><\/a><\/p>\n","protected":false},"author":1,"featured_media":0,"comment_status":"open","ping_status":"open","sticky":false,"template":"","format":"image","meta":{"_jetpack_memberships_contains_paid_content":false,"footnotes":""},"categories":[7],"tags":[21],"class_list":["post-80","post","type-post","status-publish","format-image","hentry","category-blog","tag-fuhrpark","post_format-post-format-image"],"jetpack_featured_media_url":"","jetpack_sharing_enabled":true,"_links":{"self":[{"href":"https:\/\/vielevisels.de\/index.php?rest_route=\/wp\/v2\/posts\/80","targetHints":{"allow":["GET"]}}],"collection":[{"href":"https:\/\/vielevisels.de\/index.php?rest_route=\/wp\/v2\/posts"}],"about":[{"href":"https:\/\/vielevisels.de\/index.php?rest_route=\/wp\/v2\/types\/post"}],"author":[{"embeddable":true,"href":"https:\/\/vielevisels.de\/index.php?rest_route=\/wp\/v2\/users\/1"}],"replies":[{"embeddable":true,"href":"https:\/\/vielevisels.de\/index.php?rest_route=%2Fwp%2Fv2%2Fcomments&post=80"}],"version-history":[{"count":7,"href":"https:\/\/vielevisels.de\/index.php?rest_route=\/wp\/v2\/posts\/80\/revisions"}],"predecessor-version":[{"id":4736,"href":"https:\/\/vielevisels.de\/index.php?rest_route=\/wp\/v2\/posts\/80\/revisions\/4736"}],"wp:attachment":[{"href":"https:\/\/vielevisels.de\/index.php?rest_route=%2Fwp%2Fv2%2Fmedia&parent=80"}],"wp:term":[{"taxonomy":"category","embeddable":true,"href":"https:\/\/vielevisels.de\/index.php?rest_route=%2Fwp%2Fv2%2Fcategories&post=80"},{"taxonomy":"post_tag","embeddable":true,"href":"https:\/\/vielevisels.de\/index.php?rest_route=%2Fwp%2Fv2%2Ftags&post=80"}],"curies":[{"name":"wp","href":"https:\/\/api.w.org\/{rel}","templated":true}]}}